{"id":43069,"date":"2018-08-16T11:31:19","date_gmt":"2018-08-16T14:31:19","guid":{"rendered":"http:\/\/catolicanet.net\/wp-cnet\/?p=43069"},"modified":"2018-08-16T11:31:19","modified_gmt":"2018-08-16T14:31:19","slug":"milhoes-de-fieis-percorrem-ruas-de-fortaleza-para-celebrar-nossa-senhora-da-assuncao","status":"publish","type":"post","link":"https:\/\/catolicanet.net\/wp-cnet\/milhoes-de-fieis-percorrem-ruas-de-fortaleza-para-celebrar-nossa-senhora-da-assuncao\/","title":{"rendered":"Milh\u00f5es de fi\u00e9is percorrem ruas de Fortaleza para celebrar Nossa Senhora da Assun\u00e7\u00e3o"},"content":{"rendered":"<p>FORTALEZA, 16 Ago. 18 \/ 11:00 am (<a href=\"https:\/\/www.acidigital.com\" target=\"_self\">ACI<\/a>).- Em um percurso de cerca de 12 quil\u00f4metros, uma multid\u00e3o de fi\u00e9is tomou as ruas de Fortaleza (CE) para celebrar sua padroeira, Nossa Senhora da Assun\u00e7\u00e3o, na quarta-feira, 15 de agosto, em uma tradicional caminhada.<\/p>\n<p>A Caminhada com Maria, promovida pela Arquidiocese de Fortaleza chegou a sua 16\u00aa edi\u00e7\u00e3o neste ano, com o tema \u201cCaminhamos com Maria, M\u00e3e da <a href=\"https:\/\/www.acidigital.com\/igreja\/index.html\">Igreja<\/a>\u201d, e o lema &#8220;Mulher eis a\u00ed o teu Filho. Filho, eis a\u00ed a tua M\u00e3e\u201d.<\/p>\n<p>Segundo a Autarquia Municipal de Tr\u00e2nsito (AMC), mais de um milh\u00e3o de pessoas participaram da caminhada, que saiu do Santu\u00e1rio de Nossa Senhora da Assun\u00e7\u00e3o, no bairro Vila Velha, e seguiu at\u00e9 a Catedral Metropolitana, no Centro da capital cearense, onde a imagem da Virgem foi coroada.<\/p>\n<p><iframe loading=\"lazy\" src=\"https:\/\/www.facebook.com\/plugins\/post.php?href=https%3A%2F%2Fwww.facebook.com%2Farqfortaleza%2Fphotos%2Fa.271468709623839.50473.270967276340649%2F1566308966806467%2F%3Ftype%3D3&amp;width=500\" width=\"500\" height=\"501\" frameborder=\"0\" scrolling=\"no\" data-mce-fragment=\"1\"><\/iframe><\/p>\n<p>Este evento j\u00e1 \u00e9 tradicional na cidade e, em 2015, foi proclamado patrim\u00f4nio cultural imaterial do Brasil. A Lei N\u00ba 13.130, que estabeleceu este t\u00edtulo ao evento, tem como objetivo, \u201creconhecer a import\u00e2ncia da Caminhada com Maria, como forma de express\u00e3o do patrim\u00f4nio hist\u00f3rico-cultural-religioso brasileiro\u201d.<\/p>\n<p>\u201cO dia 15 de agosto tem uma significa\u00e7\u00e3o muito especial para a comunidade cat\u00f3lica da Arquidiocese de Fortaleza e agora podemos dizer do Estado (do Cear\u00e1), porque a festa j\u00e1 se tornou grande demais e j\u00e1 ultrapassou as fronteiras\u201d, disse ao site \u2018Di\u00e1rio do Nordeste\u2019 o p\u00e1roco da Catedral, Pe. Clairton Oliveira.<\/p>\n<p>Segundo o sacerdote, a caminhada \u201c\u00e9 estar com Maria na consci\u00eancia de que Ela ocupa um lugar destacado na <a href=\"https:\/\/www.acidigital.com\/vida\/index.html\">vida<\/a> do povo crist\u00e3o, porque Ela, antes de conceber o Filho no seu ventre, concebeu a Palavra no seu cora\u00e7\u00e3o\u201d.<\/p>\n<p><iframe loading=\"lazy\" src=\"https:\/\/www.facebook.com\/plugins\/post.php?href=https%3A%2F%2Fwww.facebook.com%2Farqfortaleza%2Fphotos%2Fa.271468709623839.50473.270967276340649%2F1567327303371300%2F%3Ftype%3D3&amp;width=500\" width=\"500\" height=\"338\" frameborder=\"0\" scrolling=\"no\" data-mce-fragment=\"1\"><\/iframe><\/p>\n<p>A caminhada teve in\u00edcio logo ap\u00f3s a <a href=\"https:\/\/www.acidigital.com\/fiestas\/eucaristia\/index.html\">Missa<\/a> das 12h no Santu\u00e1rio de Nossa Senhora da Assun\u00e7\u00e3o e o Arcebispo de Fortaleza, Dom Jos\u00e9 Antonio Tosi Marques, recordou aos fi\u00e9is que a Virgem \u201ccaminha conosco\u201d.<\/p>\n<p>\u201cEstamos todos a caminho e \u00e9 isto que nos quer lembrar h\u00e1 dezesseis anos esta nossa caminhada\u201d, expressou o Prelado, assinalando que, \u201cquem faz o caminho deve pegar a estrada sabendo para onde vai\u201d.<\/p>\n<p>\u201cSeria loucura viajar sem dire\u00e7\u00e3o e objetivo. Na celebra\u00e7\u00e3o desta solenidade, a Igreja quer nos lembrar da estrada que Maria percorreu desde a anuncia\u00e7\u00e3o do anjo. Foi um caminho de momentos gloriosos e outros de preocupa\u00e7\u00e3o e desafios\u201d, pontuou.<\/p>\n<p>Nesse sentido, afirmou que \u201ctemos uma gra\u00e7a e uma miss\u00e3o: ser cooperadores na constru\u00e7\u00e3o cidad\u00e3 da cidade terrena na caminhada para a cidade celeste\u201d.<\/p>\n<p>\u201cMaria elevada \u00e0 gl\u00f3ria do c\u00e9u, M\u00e3e da Igreja, nos acompanha com seu amor materno no seguimento de Jesus e na realiza\u00e7\u00e3o do Evangelho para que, atentos \u00e0s coisas do alto, acenda-se em nossos cora\u00e7\u00f5es o desejo de chegar \u00e0 gl\u00f3ria da ressurrei\u00e7\u00e3o\u201d, completou.<\/p>\n<p><iframe loading=\"lazy\" src=\"https:\/\/www.facebook.com\/plugins\/post.php?href=https%3A%2F%2Fwww.facebook.com%2Farqfortaleza%2Fphotos%2Fa.271468709623839.50473.270967276340649%2F1566257086811655%2F%3Ftype%3D3&amp;width=500\" width=\"500\" height=\"380\" frameborder=\"0\" scrolling=\"no\" data-mce-fragment=\"1\"><\/iframe><\/p>\n<p>Durante todo o trajeto, os fi\u00e9is demonstram seu amor \u00e0 Nossa Senhora por meio de c\u00e2nticos e ora\u00e7\u00f5es, enquanto muitos moradores enfeitaram suas casas, montando altares e estendendo fl\u00e2mulas, para a passagem da M\u00e3e de Deus.<\/p>\n<p>&nbsp;<\/p>\n<p>Fonte: Acidigital<\/p>\n","protected":false},"excerpt":{"rendered":"<p>FORTALEZA, 16 Ago. 18 \/ 11:00 am (ACI).- Em um percurso de cerca de 12 quil\u00f4metros, uma multid\u00e3o de fi\u00e9is tomou as ruas de Fortaleza (CE) para celebrar sua padroeira, Nossa Senhora da Assun\u00e7\u00e3o, na quarta-feira, 15 de agosto, em uma tradicional caminhada. A Caminhada com Maria, promovida pela Arquidiocese de Fortaleza chegou a sua [&hellip;]<\/p>\n","protected":false},"author":1,"featured_media":43070,"comment_status":"open","ping_status":"closed","sticky":false,"template":"","format":"standard","meta":{"footnotes":""},"categories":[4],"tags":[],"class_list":["post-43069","post","type-post","status-publish","format-standard","has-post-thumbnail","hentry","category-cotidiano"],"_links":{"self":[{"href":"https:\/\/catolicanet.net\/wp-cnet\/wp-json\/wp\/v2\/posts\/43069","targetHints":{"allow":["GET"]}}],"collection":[{"href":"https:\/\/catolicanet.net\/wp-cnet\/wp-json\/wp\/v2\/posts"}],"about":[{"href":"https:\/\/catolicanet.net\/wp-cnet\/wp-json\/wp\/v2\/types\/post"}],"author":[{"embeddable":true,"href":"https:\/\/catolicanet.net\/wp-cnet\/wp-json\/wp\/v2\/users\/1"}],"replies":[{"embeddable":true,"href":"https:\/\/catolicanet.net\/wp-cnet\/wp-json\/wp\/v2\/comments?post=43069"}],"version-history":[{"count":1,"href":"https:\/\/catolicanet.net\/wp-cnet\/wp-json\/wp\/v2\/posts\/43069\/revisions"}],"predecessor-version":[{"id":43071,"href":"https:\/\/catolicanet.net\/wp-cnet\/wp-json\/wp\/v2\/posts\/43069\/revisions\/43071"}],"wp:featuredmedia":[{"embeddable":true,"href":"https:\/\/catolicanet.net\/wp-cnet\/wp-json\/wp\/v2\/media\/43070"}],"wp:attachment":[{"href":"https:\/\/catolicanet.net\/wp-cnet\/wp-json\/wp\/v2\/media?parent=43069"}],"wp:term":[{"taxonomy":"category","embeddable":true,"href":"https:\/\/catolicanet.net\/wp-cnet\/wp-json\/wp\/v2\/categories?post=43069"},{"taxonomy":"post_tag","embeddable":true,"href":"https:\/\/catolicanet.net\/wp-cnet\/wp-json\/wp\/v2\/tags?post=43069"}],"curies":[{"name":"wp","href":"https:\/\/api.w.org\/{rel}","templated":true}]}}