{"id":43066,"date":"2018-08-16T11:10:59","date_gmt":"2018-08-16T14:10:59","guid":{"rendered":"http:\/\/catolicanet.net\/wp-cnet\/?p=43066"},"modified":"2018-08-16T11:10:59","modified_gmt":"2018-08-16T14:10:59","slug":"cardeal-cita-3-motivos-para-os-cristaos-se-alegrarem-na-solenidade-da-assuncao-de-maria-2","status":"publish","type":"post","link":"https:\/\/catolicanet.net\/wp-cnet\/cardeal-cita-3-motivos-para-os-cristaos-se-alegrarem-na-solenidade-da-assuncao-de-maria-2\/","title":{"rendered":"Cardeal cita 3 motivos para os crist\u00e3os se alegrarem na Solenidade da Assun\u00e7\u00e3o de Maria"},"content":{"rendered":"<p>FATIMA, 15 Ago. 18 \/ 01:00 pm (<a href=\"https:\/\/www.acidigital.com\" target=\"_self\">ACI<\/a>).- O Bispo de Leiria-F\u00e1tima, Cardeal Ant\u00f3nio Marto, presidiu na manh\u00e3 de hoje <a href=\"https:\/\/www.acidigital.com\/fiestas\/eucaristia\/index.html\">Missa<\/a> pela Solenidade da Assun\u00e7\u00e3o da <a href=\"https:\/\/www.acidigital.com\/Maria\/index.html\">Virgem Maria<\/a>, no Santu\u00e1rio de F\u00e1tima, quando apresentou aos peregrinos tr\u00eas motivos de alegria para o povo crist\u00e3o, neste dia de festa para a <a href=\"https:\/\/www.acidigital.com\/igreja\/index.html\">Igreja<\/a>.<\/p>\n<p>\u201cO povo crist\u00e3o, \u00e0 luz da f\u00e9, intui e percebe que Nossa Senhora, no mist\u00e9rio da sua Assun\u00e7\u00e3o, \u00e9 causa da nossa alegria em tr\u00eas aspetos: temos uma M\u00e3e no C\u00e9u, n\u00e3o somos \u00f3rf\u00e3os; esta M\u00e3e acompanha-nos nas lutas da nossa <a href=\"https:\/\/www.acidigital.com\/vida\/index.html\">vida<\/a> e da nossa Hist\u00f3ria e indica-nos o caminho para o C\u00e9u\u201d, afirmou durante sua homilia da Missa celebrada no Recinto da Ora\u00e7\u00e3o.<\/p>\n<p>O Purpurado assinalou que, \u201cpelo fato de star no C\u00e9u, n\u00e3o significa que Nossa Senhora est\u00e1 longe de n\u00f3s\u201d. Ela \u201cest\u00e1 perto, porque participa da proximidade de Deus conosco\u201d, acrescentou.<\/p>\n<p>Maria \u201cconhece o cora\u00e7\u00e3o \u00edntimo de cada um de n\u00f3s e pode escutar as nossas ora\u00e7\u00f5es e ajudar-nos com a Sua bondade materna\u2026 E n\u00f3s podemos confiar a nossa vida a esta M\u00e3e. N\u00e3o somos \u00f3rf\u00e3os no mundo! Temos sempre a M\u00e3e celeste conosco, e este amor materno enche-nos o cora\u00e7\u00e3o de alegria\u201d, assegurou o Bispo.<\/p>\n<p>Dom Marto recordou ainda que a Mensagem de F\u00e1tima indica a \u201cgarantia materna de que a \u00faltima palavra sobre a vida e sobre a Hist\u00f3ria \u00e9 a vit\u00f3ria do amor misericordiosos de Deus\u201d.<\/p>\n<p>\u201cEsta M\u00e3e luta conosco\u201d, declarou, ressaltando que a Virgem \u201cnos apoiar no combate contra a figura do drag\u00e3o, que representa todas as figuras do mal\u201d.<\/p>\n<p>\u201cIsso mesmo no-lo transmitiu aqui, em F\u00e1tima, de uma maneira particular, a L\u00facia, quando lhe disse: \u2018n\u00e3o desanimes, Eu nunca te deixarei. O meu Imaculado Cora\u00e7\u00e3o ser\u00e1 o teu ref\u00fagio\u2019; e \u00e0 humanidade em guerra, quando nos disse que, por fim, o Seu Imaculado Cora\u00e7\u00e3o triunfaria\u201d, lembrou, ao exortar os presentes a cumprir o pedido de Nossa Senhora para a ora\u00e7\u00e3o do Ros\u00e1rio.<\/p>\n<p>Al\u00e9m disso, Dom Marto desafiou os peregrinos a fazer um exame de consci\u00eancia sobre sua devo\u00e7\u00e3o a Nossa Senhora, questionando: \u201cConfio-Lhe a minha vida? Converso com Ela, como uma m\u00e3e? Entrego-Lhe os meus problemas, os meus dramas, as minhas preocupa\u00e7\u00f5es? Rezo o Ter\u00e7o todos os dias?\u201d.<\/p>\n<p>Por fim, o Purpurado afirmou que \u201cNossa Senhora nos diz que a vida terrena, que parece t\u00e3o fr\u00e1gil, n\u00e3o desaparece na escurid\u00e3o de um t\u00fanel, nem no buraco do Universo, mas tem uma plenitude em Deus, a que chamamos o C\u00e9u\u201d.<\/p>\n<p>\u201cO c\u00e9u de Maria come\u00e7ou no primeiro \u2018Sim\u2019 que disse \u00e0 vontade de Deus. Cada sim de amor de Deus aos irm\u00e3os que vamos dando, na vida, \u00e9 um passo para este C\u00e9u e para a eternidade. Esta esperan\u00e7a \u00e9 causa da nossa alegria\u201d, concluiu.<\/p>\n<p>&nbsp;<\/p>\n<p>Fonte: Acidigital<\/p>\n","protected":false},"excerpt":{"rendered":"<p>FATIMA, 15 Ago. 18 \/ 01:00 pm (ACI).- O Bispo de Leiria-F\u00e1tima, Cardeal Ant\u00f3nio Marto, presidiu na manh\u00e3 de hoje Missa pela Solenidade da Assun\u00e7\u00e3o da Virgem Maria, no Santu\u00e1rio de F\u00e1tima, quando apresentou aos peregrinos tr\u00eas motivos de alegria para o povo crist\u00e3o, neste dia de festa para a Igreja. \u201cO povo crist\u00e3o, \u00e0 [&hellip;]<\/p>\n","protected":false},"author":1,"featured_media":43067,"comment_status":"open","ping_status":"closed","sticky":false,"template":"","format":"standard","meta":{"footnotes":""},"categories":[4],"tags":[],"class_list":["post-43066","post","type-post","status-publish","format-standard","has-post-thumbnail","hentry","category-cotidiano"],"_links":{"self":[{"href":"https:\/\/catolicanet.net\/wp-cnet\/wp-json\/wp\/v2\/posts\/43066","targetHints":{"allow":["GET"]}}],"collection":[{"href":"https:\/\/catolicanet.net\/wp-cnet\/wp-json\/wp\/v2\/posts"}],"about":[{"href":"https:\/\/catolicanet.net\/wp-cnet\/wp-json\/wp\/v2\/types\/post"}],"author":[{"embeddable":true,"href":"https:\/\/catolicanet.net\/wp-cnet\/wp-json\/wp\/v2\/users\/1"}],"replies":[{"embeddable":true,"href":"https:\/\/catolicanet.net\/wp-cnet\/wp-json\/wp\/v2\/comments?post=43066"}],"version-history":[{"count":1,"href":"https:\/\/catolicanet.net\/wp-cnet\/wp-json\/wp\/v2\/posts\/43066\/revisions"}],"predecessor-version":[{"id":43068,"href":"https:\/\/catolicanet.net\/wp-cnet\/wp-json\/wp\/v2\/posts\/43066\/revisions\/43068"}],"wp:featuredmedia":[{"embeddable":true,"href":"https:\/\/catolicanet.net\/wp-cnet\/wp-json\/wp\/v2\/media\/43067"}],"wp:attachment":[{"href":"https:\/\/catolicanet.net\/wp-cnet\/wp-json\/wp\/v2\/media?parent=43066"}],"wp:term":[{"taxonomy":"category","embeddable":true,"href":"https:\/\/catolicanet.net\/wp-cnet\/wp-json\/wp\/v2\/categories?post=43066"},{"taxonomy":"post_tag","embeddable":true,"href":"https:\/\/catolicanet.net\/wp-cnet\/wp-json\/wp\/v2\/tags?post=43066"}],"curies":[{"name":"wp","href":"https:\/\/api.w.org\/{rel}","templated":true}]}}