{"id":43063,"date":"2018-08-16T11:04:14","date_gmt":"2018-08-16T14:04:14","guid":{"rendered":"http:\/\/catolicanet.net\/wp-cnet\/?p=43063"},"modified":"2018-08-16T11:04:14","modified_gmt":"2018-08-16T14:04:14","slug":"apostasia-coletiva-apos-rechaco-do-aborto-na-argentina-sacerdote-alerta-sobre-manipulacao","status":"publish","type":"post","link":"https:\/\/catolicanet.net\/wp-cnet\/apostasia-coletiva-apos-rechaco-do-aborto-na-argentina-sacerdote-alerta-sobre-manipulacao\/","title":{"rendered":"Apostasia coletiva ap\u00f3s recha\u00e7o do aborto na Argentina? Sacerdote alerta sobre manipula\u00e7\u00e3o"},"content":{"rendered":"<p>Buenos Aires, 15 Ago. 18 \/ 09:00 pm (<a href=\"https:\/\/www.acidigital.com\" target=\"_self\">ACI<\/a>).- O sacerdote argentino Leandro Bonnin alertou sobre o chamado a uma apostasia coletiva da <a href=\"https:\/\/www.acidigital.com\/igreja\/index.html\">Igreja<\/a> Cat\u00f3lica na Argentina depois do recha\u00e7o do projeto de lei do <a href=\"https:\/\/www.acidigital.com\/vida\/aborto\/index.html\">aborto<\/a> e advertiu que est\u00e3o escondendo informa\u00e7\u00e3o e manipulando especialmente os adolescentes.<\/p>\n<p>A &#8220;Coaliz\u00e3o Argentina por um Estado Laico&#8221;, a favor do aborto neste pa\u00eds, promoveu recentemente uma campanha atrav\u00e9s do Facebook para organizar uma &#8220;apostasia coletiva&#8221;.<\/p>\n<p>O grupo explicou que o recha\u00e7o do projeto do aborto livre pelo Senado argentino &#8220;\u00e9 um ataque aos direitos humanos fundamentais&#8221; e assegurou que a Doutrina Social da Igreja \u00e9 &#8220;contra a dignidade humana e os tratados internacionais no tema dos Direitos Humanos que hoje t\u00eam hierarquia constitucional&#8221;.<\/p>\n<p>Diante d chamado \u00e0 apostasia coletiva, Pe. Leandro Bonnin publicou uma reflex\u00e3o no dia 12 de agosto, expressando que tamb\u00e9m pediria a apostasia se fosse verdade que a Igreja Cat\u00f3lica \u00e9 a &#8220;soma de todos os males da hist\u00f3ria. Uma institui\u00e7\u00e3o formada s\u00f3 por manipuladores, assassinos, mafiosos e ped\u00f3filos&#8221;.<\/p>\n<p>&#8220;\u00c9 claro que na Igreja existiram e talvez existam membros que s\u00e3o manipuladores, assassinos, mafiosos e ped\u00f3filos. Mas n\u00e3o \u00e9 justo optar pela parte e esquecer o tudo\u201d, assinalou.<\/p>\n<p>&#8220;Ao longo da hist\u00f3ria, o pecado feriu e manchou o rosto da Igreja, mas tamb\u00e9m existiu e existe muita, muit\u00edssima santidade&#8221;.<\/p>\n<p>O sacerdote argentino assegurou que &#8220;jamais defenderei o indefens\u00e1vel, mas sim, me permitir expor o que est\u00e1 escondido. O que est\u00e3o escondendo, porque \u2013 especialmente se voc\u00ea \u00e9 adolescente \u2013 querem manipular voc\u00ea&#8221;.<\/p>\n<p>&#8220;Falaram com voc\u00ea da Igreja e das ditaduras, da Igreja e do nazismo, da crise da pedofilia no s\u00e9culo XXI, mas n\u00e3o contaram sobre a obra de Dom Bosco, de Dom Orione, de Maximiliano Kolbe e dos m\u00e1rtires em cada revolu\u00e7\u00e3o, nem sobre o trabalho da Igreja na \u00c1frica e das inumer\u00e1veis obras sociais no mundo inteiro, nem da grande luta contra o terr\u00edvel mal do abuso de menores, uma luta que n\u00e3o tem compara\u00e7\u00e3o em outra institui\u00e7\u00e3o atual&#8221;, destacou entre outros exemplos.<\/p>\n<p><iframe loading=\"lazy\" src=\"https:\/\/www.facebook.com\/plugins\/post.php?href=https%3A%2F%2Fwww.facebook.com%2Fleandro.bonnin.9%2Fposts%2F2056098234460918&amp;width=500\" width=\"500\" height=\"456\" frameborder=\"0\" scrolling=\"no\" data-mce-fragment=\"1\"><\/iframe><\/p>\n<p>&#8220;Se voc\u00ea quiser, n\u00f3s te concederemos a apostasia, como pede. Mas o seu nome nunca deixar\u00e1 de estar escrito no cora\u00e7\u00e3o de Deus e no cora\u00e7\u00e3o da Igreja&#8221;, assegurou Pe. Bonnin.<\/p>\n<p>&#8220;No dia em que voc\u00ea precisar, n\u00e3o hesite: vamos recebe-lo de bra\u00e7os abertos, com um enorme sorriso e com l\u00e1grimas de alegria&#8221;, como quando o ap\u00f3stata precisar de uma palavra de conforto ante a morte de um ente querido ou de um familiar que est\u00e1 hospitalizado, disse o sacerdote.<\/p>\n<p>&#8220;Quando o seu filho adolescente segue um mau caminho e voc\u00ea n\u00e3o souber o que fazer, quando voc\u00ea sentir medo, vergonha ou ang\u00fastia e n\u00e3o tiver ningu\u00e9m para conversar, quando precisar ser perdoado porque a culpa j\u00e1 n\u00e3o o deixa viver, estaremos esperando por voc\u00ea&#8221;, afirmou.<\/p>\n<p>Pe. Bonnin disse aos interessados \u200b\u200bna apostasia coletiva que &#8220;n\u00e3o nos importar\u00e1 se o seu nome est\u00e1 no livro ou n\u00e3o, porque Jesus nos enviou para ser amigo de todos, dar um abra\u00e7o e acariciar todas as pessoas que sofrem e ajudar quem estiver padecendo&#8221;.<\/p>\n<p>&#8220;Ele nos enviou para ser Igreja M\u00e3e, a Igreja Mestre, Igreja Samaritana. Com nossas mis\u00e9rias, tentamos ajudar, mesmo que digam o contr\u00e1rio. Porque o poder da Igreja n\u00e3o est\u00e1 no seu n\u00famero de membros nem no seu dinheiro, mas no Amor. No amor de Deus que nos sustenta e nos move\u201d, assegurou.<\/p>\n<p>&nbsp;<\/p>\n<p>Fonte: Acidigital<\/p>\n","protected":false},"excerpt":{"rendered":"<p>Buenos Aires, 15 Ago. 18 \/ 09:00 pm (ACI).- O sacerdote argentino Leandro Bonnin alertou sobre o chamado a uma apostasia coletiva da Igreja Cat\u00f3lica na Argentina depois do recha\u00e7o do projeto de lei do aborto e advertiu que est\u00e3o escondendo informa\u00e7\u00e3o e manipulando especialmente os adolescentes. A &#8220;Coaliz\u00e3o Argentina por um Estado Laico&#8221;, a [&hellip;]<\/p>\n","protected":false},"author":1,"featured_media":43064,"comment_status":"open","ping_status":"closed","sticky":false,"template":"","format":"standard","meta":{"footnotes":""},"categories":[13],"tags":[],"class_list":["post-43063","post","type-post","status-publish","format-standard","has-post-thumbnail","hentry","category-featured"],"_links":{"self":[{"href":"https:\/\/catolicanet.net\/wp-cnet\/wp-json\/wp\/v2\/posts\/43063","targetHints":{"allow":["GET"]}}],"collection":[{"href":"https:\/\/catolicanet.net\/wp-cnet\/wp-json\/wp\/v2\/posts"}],"about":[{"href":"https:\/\/catolicanet.net\/wp-cnet\/wp-json\/wp\/v2\/types\/post"}],"author":[{"embeddable":true,"href":"https:\/\/catolicanet.net\/wp-cnet\/wp-json\/wp\/v2\/users\/1"}],"replies":[{"embeddable":true,"href":"https:\/\/catolicanet.net\/wp-cnet\/wp-json\/wp\/v2\/comments?post=43063"}],"version-history":[{"count":1,"href":"https:\/\/catolicanet.net\/wp-cnet\/wp-json\/wp\/v2\/posts\/43063\/revisions"}],"predecessor-version":[{"id":43065,"href":"https:\/\/catolicanet.net\/wp-cnet\/wp-json\/wp\/v2\/posts\/43063\/revisions\/43065"}],"wp:featuredmedia":[{"embeddable":true,"href":"https:\/\/catolicanet.net\/wp-cnet\/wp-json\/wp\/v2\/media\/43064"}],"wp:attachment":[{"href":"https:\/\/catolicanet.net\/wp-cnet\/wp-json\/wp\/v2\/media?parent=43063"}],"wp:term":[{"taxonomy":"category","embeddable":true,"href":"https:\/\/catolicanet.net\/wp-cnet\/wp-json\/wp\/v2\/categories?post=43063"},{"taxonomy":"post_tag","embeddable":true,"href":"https:\/\/catolicanet.net\/wp-cnet\/wp-json\/wp\/v2\/tags?post=43063"}],"curies":[{"name":"wp","href":"https:\/\/api.w.org\/{rel}","templated":true}]}}