{"id":43051,"date":"2018-08-16T09:25:10","date_gmt":"2018-08-16T12:25:10","guid":{"rendered":"http:\/\/catolicanet.net\/wp-cnet\/?p=43051"},"modified":"2018-08-16T09:25:10","modified_gmt":"2018-08-16T12:25:10","slug":"museu-da-vida-e-pastoral-da-crianca-convidam-para-inauguracao-de-exposicao","status":"publish","type":"post","link":"https:\/\/catolicanet.net\/wp-cnet\/museu-da-vida-e-pastoral-da-crianca-convidam-para-inauguracao-de-exposicao\/","title":{"rendered":"Museu da Vida e Pastoral da Crian\u00e7a convidam para inaugura\u00e7\u00e3o de exposi\u00e7\u00e3o"},"content":{"rendered":"<p>Voc\u00ea sabia que, no Brasil, milh\u00f5es de fam\u00edlias ainda convivem com esgoto a c\u00e9u aberto, falta de coleta regular de lixo e de \u00e1gua pot\u00e1vel? Essa cena se repete tanto em cidades menores quanto na periferia dos grandes centros urbanos e \u00e9 a respons\u00e1vel pela diferen\u00e7a entre ter sa\u00fade e a falta dela.<\/p>\n<p>Mesmo com os avan\u00e7os obtidos ao longo dos anos,\u00a0o\u00a0n\u00famero de brasileiros sem acesso a esses servi\u00e7os ainda \u00e9 enorme. Segundo diagn\u00f3stico\u00a0divulgado pelo\u00a0Minist\u00e9rio das Cidades, por meio do Sistema Nacional de Informa\u00e7\u00f5es sobre SaneamentoB\u00e1sico, atualmente 35 milh\u00f5es de brasileiros n\u00e3o t\u00eam acesso \u00e0 \u00e1gua tratada e mais de 100 milh\u00f5es n\u00e3o s\u00e3o contemplados com coleta dos esgotos (SNIS, 2016).<\/p>\n<p>Promovida pela Pastoral da Crian\u00e7a e pelo Museu da Vida, em parceria com o Instituto Trata Brasil e a Sanepar, a\u00a0nova exposi\u00e7\u00e3o traz \u00e0 tona esse assunto em\u00a0ano de elei\u00e7\u00f5es, pois a \u00e9 dever de todos n\u00f3s lutar para que nenhuma fam\u00edlia seja obrigada a viver sem o b\u00e1sico.\u00a0Todos os candidatos a presidente e a governador do Paran\u00e1 tamb\u00e9m foram convidados a debater conosco esse tema t\u00e3o importante!<\/p>\n<p>Confira a <a href=\"https:\/\/www.pastoraldacrianca.org.br\/noticias2\/4645-inaugura-saneamento\">not\u00edcia na \u00edntegra<\/a>.<\/p>\n<p>&nbsp;<\/p>\n<p>Fonte: CNBB<\/p>\n","protected":false},"excerpt":{"rendered":"<p>Voc\u00ea sabia que, no Brasil, milh\u00f5es de fam\u00edlias ainda convivem com esgoto a c\u00e9u aberto, falta de coleta regular de lixo e de \u00e1gua pot\u00e1vel? Essa cena se repete tanto em cidades menores quanto na periferia dos grandes centros urbanos e \u00e9 a respons\u00e1vel pela diferen\u00e7a entre ter sa\u00fade e a falta dela. Mesmo com [&hellip;]<\/p>\n","protected":false},"author":1,"featured_media":43052,"comment_status":"open","ping_status":"closed","sticky":false,"template":"","format":"standard","meta":{"footnotes":""},"categories":[7],"tags":[],"class_list":["post-43051","post","type-post","status-publish","format-standard","has-post-thumbnail","hentry","category-cnbb"],"_links":{"self":[{"href":"https:\/\/catolicanet.net\/wp-cnet\/wp-json\/wp\/v2\/posts\/43051","targetHints":{"allow":["GET"]}}],"collection":[{"href":"https:\/\/catolicanet.net\/wp-cnet\/wp-json\/wp\/v2\/posts"}],"about":[{"href":"https:\/\/catolicanet.net\/wp-cnet\/wp-json\/wp\/v2\/types\/post"}],"author":[{"embeddable":true,"href":"https:\/\/catolicanet.net\/wp-cnet\/wp-json\/wp\/v2\/users\/1"}],"replies":[{"embeddable":true,"href":"https:\/\/catolicanet.net\/wp-cnet\/wp-json\/wp\/v2\/comments?post=43051"}],"version-history":[{"count":1,"href":"https:\/\/catolicanet.net\/wp-cnet\/wp-json\/wp\/v2\/posts\/43051\/revisions"}],"predecessor-version":[{"id":43053,"href":"https:\/\/catolicanet.net\/wp-cnet\/wp-json\/wp\/v2\/posts\/43051\/revisions\/43053"}],"wp:featuredmedia":[{"embeddable":true,"href":"https:\/\/catolicanet.net\/wp-cnet\/wp-json\/wp\/v2\/media\/43052"}],"wp:attachment":[{"href":"https:\/\/catolicanet.net\/wp-cnet\/wp-json\/wp\/v2\/media?parent=43051"}],"wp:term":[{"taxonomy":"category","embeddable":true,"href":"https:\/\/catolicanet.net\/wp-cnet\/wp-json\/wp\/v2\/categories?post=43051"},{"taxonomy":"post_tag","embeddable":true,"href":"https:\/\/catolicanet.net\/wp-cnet\/wp-json\/wp\/v2\/tags?post=43051"}],"curies":[{"name":"wp","href":"https:\/\/api.w.org\/{rel}","templated":true}]}}