{"id":43042,"date":"2018-08-14T08:59:14","date_gmt":"2018-08-14T11:59:14","guid":{"rendered":"http:\/\/catolicanet.net\/wp-cnet\/?p=43042"},"modified":"2018-08-16T09:04:41","modified_gmt":"2018-08-16T12:04:41","slug":"e-a-familia-como-vai","status":"publish","type":"post","link":"https:\/\/catolicanet.net\/wp-cnet\/e-a-familia-como-vai\/","title":{"rendered":"E a fam\u00edlia como vai?"},"content":{"rendered":"<p><em>*Paula Guimar\u00e3es<\/em><\/p>\n<p>&nbsp;<\/p>\n<p>A fam\u00edlia \u00e9 muito importante na vida do ser humano e fundamental na constru\u00e7\u00e3o do indiv\u00edduo. Se olharmos na hist\u00f3ria da humanidade, desde os prim\u00f3rdios, podemos destacar sua import\u00e2ncia. Jesus poderia ter vindo ao mundo de v\u00e1rias formas, mas veio em uma fam\u00edlia. Maria e Jos\u00e9 passaram seus princ\u00edpios e valores ao menino desde pequeno.<\/p>\n<p>Voc\u00ea pode estar pensando: \u201cmas minha fam\u00edlia \u00e9 complicada, uma bagun\u00e7a\u201d. Todas as fam\u00edlias passam por situa\u00e7\u00f5es dif\u00edceis, momentos de tens\u00f5es, cada um tem a sua personalidade, suas qualidades e seus limites. Mas \u00e9 nela que voc\u00ea aprendeu os primeiros conceitos de conviv\u00eancia em sociedade. Seu primeiro choro, seus primeiros passos, suas primeiras alegrias foram em um ambiente familiar.<\/p>\n<p>Quem n\u00e3o se recorda do primeiro abra\u00e7o que recebeu de seus pais na porta da escola, a primeira apresenta\u00e7\u00e3o para eles em uma data comemorativa? Pode ser que voc\u00ea n\u00e3o tenha sido criado pelos seus pais, talvez por seus av\u00f3s, ou em um outro ambiente familiar, at\u00e9 mesmo um orfanato ou casa de acolhimento, de algum modo essas pessoas foram seus, formadores, educaram e amaram voc\u00ea.<\/p>\n<p>E mesmo voc\u00ea que n\u00e3o teve uma fam\u00edlia, que tal ter a sua? Criar e promover o que todo cora\u00e7\u00e3o humano anseia, um lugar onde possamos ser acolhidos e amados como cada um merece.<\/p>\n<p>Nesta semana, comemoramos a Semana Nacional da Fam\u00edlia, evento promovido pela Comiss\u00e3o Episcopal Pastoral para a Vida e a Fam\u00edlia da Confer\u00eancia Nacional dos Bispos do Brasil (CNBB) e a Comiss\u00e3o Nacional da Pastoral Familiar (CNPF), com o tema: \u201cO Evangelho da Fam\u00edlia, alegria para o mundo\u201d, mesma tem\u00e1tica do IX <a href=\"https:\/\/noticias.cancaonova.com\/mundo\/dublin-sediara-encontro-mundial-das-familias-em-2018\/\">Encontro Mundial das Fam\u00edlias, que acontece em Dublim, Irlanda<\/a>, de 21 a 26 de agosto.<\/p>\n<p>O Papa Francisco destaca a import\u00e2ncia dessa institui\u00e7\u00e3o para a sociedade: \u201cA fam\u00edlia introduz \u00e0 necessidade dos la\u00e7os de fidelidade, sinceridade, confian\u00e7a, coopera\u00e7\u00e3o, respeito; encoraja a projetar um mundo habit\u00e1vel e a acreditar nas rela\u00e7\u00f5es de confian\u00e7a, tamb\u00e9m em condi\u00e7\u00f5es dif\u00edceis; ensina a honrar a palavra dada, o respeito \u00e0s pessoas, a partilha dos limites pessoais e dos outros.\u201d<\/p>\n<p>Dedique mais tempo aos seus, esteja com seus filhos, seu c\u00f4njuge, seus pais! Aproveite cada instante ao lado deles. Construa rela\u00e7\u00f5es de confian\u00e7a! Seu filho chegou da escola, pergunte como foi o dia de aula. Tirou uma nota boa, elogie! N\u00e3o foi t\u00e3o bem em uma prova, converse com ele! Veja a melhor forma de poder ajud\u00e1-lo! Esses momentos s\u00e3o preciosos e marcar\u00e3o para sempre a sua vida e de quem est\u00e1 \u00e0 sua volta! Ontem seu filho era uma crian\u00e7a, hoje voc\u00ea j\u00e1 pode estar preparando-o para ingressar em uma faculdade. Cada etapa passa muito r\u00e1pida, e se puder dar-lhe um conselho: \u201cAproveite! Viva intensamente junto dos seus!\u201d<\/p>\n<p><strong><em>*Paula Guimar\u00e3es<\/em><\/strong><em> \u00e9 mission\u00e1ria da Comunidade Can\u00e7\u00e3o Nova, palestrante, administradora, jornalista apresentadora da TV Can\u00e7\u00e3o Nova e mestre em Comunica\u00e7\u00e3o e Semi\u00f3tica pela PUC-SP. \u00c9 autora dos livros \u201cComo ser feliz em fam\u00edlia \u2013 15 passos para encontrar felicidade em seu lar\u201d, \u201cEsperan\u00e7a cad\u00ea voc\u00ea? O que fazer para n\u00e3o entrar em desespero\u201d e \u201cTV Can\u00e7\u00e3o Nova \u2013 A vida por tr\u00e1s das c\u00e2meras\u201d pela Editora Can\u00e7\u00e3o Nova.<\/em><\/p>\n<p><a href=\"https:\/\/www.facebook.com\/paulaguimaraescancaonova\/\">facebook.com\/paulacancaonova<\/a><\/p>\n<p><a href=\"https:\/\/twitter.com\/paulacancaonova\">twitter.com\/paulacancaonova<\/a><\/p>\n<p><a href=\"https:\/\/www.instagram.com\/paulacancaonova\/\">instagram.com\/paulacancaonova<\/a><\/p>\n","protected":false},"excerpt":{"rendered":"<p>*Paula Guimar\u00e3es &nbsp; A fam\u00edlia \u00e9 muito importante na vida do ser humano e fundamental na constru\u00e7\u00e3o do indiv\u00edduo. Se olharmos na hist\u00f3ria da humanidade, desde os prim\u00f3rdios, podemos destacar sua import\u00e2ncia. Jesus poderia ter vindo ao mundo de v\u00e1rias formas, mas veio em uma fam\u00edlia. Maria e Jos\u00e9 passaram seus princ\u00edpios e valores ao [&hellip;]<\/p>\n","protected":false},"author":1,"featured_media":43043,"comment_status":"open","ping_status":"closed","sticky":false,"template":"","format":"standard","meta":{"footnotes":""},"categories":[9],"tags":[],"class_list":["post-43042","post","type-post","status-publish","format-standard","has-post-thumbnail","hentry","category-artigos"],"_links":{"self":[{"href":"https:\/\/catolicanet.net\/wp-cnet\/wp-json\/wp\/v2\/posts\/43042","targetHints":{"allow":["GET"]}}],"collection":[{"href":"https:\/\/catolicanet.net\/wp-cnet\/wp-json\/wp\/v2\/posts"}],"about":[{"href":"https:\/\/catolicanet.net\/wp-cnet\/wp-json\/wp\/v2\/types\/post"}],"author":[{"embeddable":true,"href":"https:\/\/catolicanet.net\/wp-cnet\/wp-json\/wp\/v2\/users\/1"}],"replies":[{"embeddable":true,"href":"https:\/\/catolicanet.net\/wp-cnet\/wp-json\/wp\/v2\/comments?post=43042"}],"version-history":[{"count":1,"href":"https:\/\/catolicanet.net\/wp-cnet\/wp-json\/wp\/v2\/posts\/43042\/revisions"}],"predecessor-version":[{"id":43044,"href":"https:\/\/catolicanet.net\/wp-cnet\/wp-json\/wp\/v2\/posts\/43042\/revisions\/43044"}],"wp:featuredmedia":[{"embeddable":true,"href":"https:\/\/catolicanet.net\/wp-cnet\/wp-json\/wp\/v2\/media\/43043"}],"wp:attachment":[{"href":"https:\/\/catolicanet.net\/wp-cnet\/wp-json\/wp\/v2\/media?parent=43042"}],"wp:term":[{"taxonomy":"category","embeddable":true,"href":"https:\/\/catolicanet.net\/wp-cnet\/wp-json\/wp\/v2\/categories?post=43042"},{"taxonomy":"post_tag","embeddable":true,"href":"https:\/\/catolicanet.net\/wp-cnet\/wp-json\/wp\/v2\/tags?post=43042"}],"curies":[{"name":"wp","href":"https:\/\/api.w.org\/{rel}","templated":true}]}}