{"id":43018,"date":"2018-08-15T13:59:08","date_gmt":"2018-08-15T16:59:08","guid":{"rendered":"http:\/\/catolicanet.net\/wp-cnet\/?p=43018"},"modified":"2018-08-15T13:59:08","modified_gmt":"2018-08-15T16:59:08","slug":"papa-o-servico-a-deus-se-expressa-tambem-no-servico-aos-irmaos","status":"publish","type":"post","link":"https:\/\/catolicanet.net\/wp-cnet\/papa-o-servico-a-deus-se-expressa-tambem-no-servico-aos-irmaos\/","title":{"rendered":"Papa: o servi\u00e7o a Deus se expressa tamb\u00e9m no servi\u00e7o aos irm\u00e3os"},"content":{"rendered":"<div class=\"article__subTitle\">Francisco rezou o Angelus esta quarta-feira com os milhares de fi\u00e9is reunidos na Pra\u00e7a S\u00e3o Pedro na Solenidade da Assun\u00e7\u00e3o &#8211; celebrada neste dia 15 na It\u00e1lia e em v\u00e1rios pa\u00edses -, cuja festa a Igreja no Brasil celebrar\u00e1 no pr\u00f3ximo domingo.<\/div>\n<div class=\"title__separator\"><\/div>\n<div class=\"article__text\">\n<p><b>Raimundo Lima &#8211; Jackson Erpen &#8211; Cidade do Vaticano<\/b><\/p>\n<p>\u201cA assun\u00e7\u00e3o de Maria, criatura humana, nos confirma nosso destino glorioso.\u201d Foi o que disse o Papa Francisco no\u00a0<i>Angelus<\/i>\u00a0ao meio dia desta quarta-feira, 15 de agosto, solenidade da Assun\u00e7\u00e3o de Nossa Senhora.<\/p>\n<div>\n<div class=\"article__embed article__embed--unwrap article__embed--dark\">\n<div class=\"article__innerTitle\">Ou\u00e7a a reportagem com a voz do Papa Francisco<\/div>\n<!--[if lt IE 9]><script>document.createElement('audio');<\/script><![endif]-->\n<audio class=\"wp-audio-shortcode\" id=\"audio-43018-1\" preload=\"none\" style=\"width: 100%;\" controls=\"controls\"><source type=\"audio\/mpeg\" src=\"https:\/\/media.vaticannews.va\/media\/audio\/s1\/2018\/8\/15\/14\/134577966_F134577966.mp3?_=1\" \/><a href=\"https:\/\/media.vaticannews.va\/media\/audio\/s1\/2018\/8\/15\/14\/134577966_F134577966.mp3\">https:\/\/media.vaticannews.va\/media\/audio\/s1\/2018\/8\/15\/14\/134577966_F134577966.mp3<\/a><\/audio>\n<\/div>\n<\/div>\n<p>Na alocu\u00e7\u00e3o que precedeu a ora\u00e7\u00e3o rezada com milhares de fi\u00e9is e peregrinos presentes na Pra\u00e7a S\u00e3o Pedro, o Santo Padre explicou o sentido e o significado desta festa mariana, e seu alcance tamb\u00e9m para n\u00f3s.<\/p>\n<h2><b>O Senhor eleva os humildes<\/b><\/h2>\n<p>Francisco ressaltou que nesta solenidade o santo povo fiel de Deus expressa com alegria a sua venera\u00e7\u00e3o \u00e0 Virgem M\u00e3e, e o faz na liturgia comum e tamb\u00e9m com diferentes formas de piedade, realizando a profecia de Maria mesma: \u201cTodas as gera\u00e7\u00f5es me chamar\u00e3o bem-aventurada\u201d (Lc 1,48). \u201cPorque o Senhor elevou sua humilde serva\u201d, recordou.<\/p>\n<p>Em seguida, o Pont\u00edfice evidenciou que a assun\u00e7\u00e3o ao c\u00e9u, em corpo e alma, \u201c\u00e9 um privil\u00e9gio\u00a0divino concedido \u00e0 Santa M\u00e3e de Deus por sua uni\u00e3o particular com Jesus\u201d.<\/p>\n<div>\n<div class=\"article__embed article__embed--border embed_style\">\n<blockquote><p>\u201cTrata-se de uma uni\u00e3o corporal e espiritual, iniciada com a Anuncia\u00e7\u00e3o e amadurecida durante toda a vida de Maria mediante sua participa\u00e7\u00e3o singular no mist\u00e9rio do Filho.\u201d<\/p><\/blockquote>\n<\/div>\n<\/div>\n<p><i>\u201cA exist\u00eancia de Nossa Senhora se deu como de uma mulher comum de seu tempo: rezava, se ocupava da fam\u00edlia e da casa, ia \u00e0 sinagoga&#8230; Mas toda a\u00e7\u00e3o cotidiana que fazia se dava em uni\u00e3o total com Jesus. E no Calv\u00e1rio esta uni\u00e3o alcan\u00e7ou o \u00e1pice, no amor, na compaix\u00e3o e no sofrimento do cora\u00e7\u00e3o. Por isso Deus lhe concedeu uma participa\u00e7\u00e3o plena tamb\u00e9m na ressurrei\u00e7\u00e3o de Jesus.\u201d<\/i><\/p>\n<h2>Aquela que gerou o Senhor da vida n\u00e3o conheceu a corrup\u00e7\u00e3o do sepulcro<\/h2>\n<div>\n<aside class=\"article__readmore\">\n<div class=\"teaser--labelEvidence teaser\">\n<article>\n<div class=\"teaser__labelWrapper\"><\/div>\n<div class=\"teaser__contentWrapper\">\n<div><\/div>\n<\/div>\n<\/article>\n<\/div>\n<\/aside>\n<\/div>\n<p>\u201cO corpo da M\u00e3e \u2013 prosseguiu \u2013 foi preservado da corrup\u00e7\u00e3o, como o corpo do Filho. \u00c9 o que proclama o Pref\u00e1cio da Missa de hoje; \u201cV\u00f3s n\u00e3o quis\u00e9sseis que aquela que gerou o Senhor da vida conhecesse a corrup\u00e7\u00e3o do sepulcro\u201d.<\/p>\n<p><i>\u201cA Igreja hoje nos convida a contemplar este mist\u00e9rio: ele mostra que\u00a0Deus quer salvar o homem inteiro, alma e corpo. Jesus ressuscitou com o corpo que assumiu de Maria; e subiu ao Pai com a sua humanidade transfigurada. A assun\u00e7\u00e3o de Maria, criatura humana, nos d\u00e1 a confirma\u00e7\u00e3o do nosso glorioso destino.\u201d<\/i><\/p>\n<h2>Ressurrei\u00e7\u00e3o da carne, elemento pr\u00f3prio da revela\u00e7\u00e3o crist\u00e3<\/h2>\n<p>Francisco lembrou que os fil\u00f3sofos gregos tinham entendido que a alma do homem \u00e9 destinada \u00e0 felicidade ap\u00f3s a morte. Todavia, observou, \u201celes desprezavam o corpo \u2013 considerado pris\u00e3o da alma \u2013 e n\u00e3o concebiam que Deus tivesse disposto que tamb\u00e9m o corpo do homem fosse unido \u00e0 alma na beatitude celeste\u201d. \u201cA ressurrei\u00e7\u00e3o da carne \u2013 prosseguiu \u2013 \u00e9 um elemento pr\u00f3prio da revela\u00e7\u00e3o crist\u00e3, eixo da nossa f\u00e9.\u201d<\/p>\n<p><i>\u201cA realidade maravilhosa da Assun\u00e7\u00e3o de Maria manifesta e confirma a unidade da pessoa humana e nos recorda que somos chamados a servir e glorificar Deus com todo o nosso ser, alma e corpo.\u201d<\/i><\/p>\n<p>Se tivermos vivido assim, no alegre servi\u00e7o a Deus, que se expressa tamb\u00e9m num generoso servi\u00e7o aos irm\u00e3os, nosso destino, no dia da ressurrei\u00e7\u00e3o, ser\u00e1 igual ao de nossa M\u00e3e celeste.<\/p>\n<p>Ap\u00f3s a ora\u00e7\u00e3o mariana, na sauda\u00e7\u00e3o aos v\u00e1rios grupos de fi\u00e9is e peregrinos presentes, o Papa confiou a Nossa Senhora Consoladora dos aflitos \u201cas ang\u00fastias e os tormentos daqueles que, em muitas partes do mundo, sofrem no corpo e no esp\u00edrito\u201d.<\/p>\n<h2>Trag\u00e9dia de G\u00eanova: a proximidade espiritual do Papa<\/h2>\n<p>Em seguida, dirigiu um pensamento particular a todos os atingidos pela trag\u00e9dia ocorrida esta ter\u00e7a-feira em G\u00eanova, noroeste da It\u00e1lia, que provocou v\u00edtimas e desconsolo na popula\u00e7\u00e3o.<\/p>\n<p>\u201c<i>Ao tempo em que confio as pessoas que perderam a vida \u00e0 miseric\u00f3rdia de Deus, expresso minha proximidade espiritual a seus familiares, aos feridos, aos deslocados e a todos aqueles que sofrem por causa deste dram\u00e1tico evento. Convido-os se unirem a mim na ora\u00e7\u00e3o, pelas v\u00edtimas e por seus entes queridos.\u201d<\/i><\/p>\n<\/div>\n<p>&nbsp;<\/p>\n<p>Fonte: R\u00e1dio Vaticano<\/p>\n","protected":false},"excerpt":{"rendered":"<p>Francisco rezou o Angelus esta quarta-feira com os milhares de fi\u00e9is reunidos na Pra\u00e7a S\u00e3o Pedro na Solenidade da Assun\u00e7\u00e3o &#8211; celebrada neste dia 15 na It\u00e1lia e em v\u00e1rios pa\u00edses -, cuja festa a Igreja no Brasil celebrar\u00e1 no pr\u00f3ximo domingo. Raimundo Lima &#8211; Jackson Erpen &#8211; Cidade do Vaticano \u201cA assun\u00e7\u00e3o de Maria, [&hellip;]<\/p>\n","protected":false},"author":1,"featured_media":43019,"comment_status":"open","ping_status":"closed","sticky":false,"template":"","format":"standard","meta":{"footnotes":""},"categories":[13],"tags":[],"class_list":["post-43018","post","type-post","status-publish","format-standard","has-post-thumbnail","hentry","category-featured"],"_links":{"self":[{"href":"https:\/\/catolicanet.net\/wp-cnet\/wp-json\/wp\/v2\/posts\/43018","targetHints":{"allow":["GET"]}}],"collection":[{"href":"https:\/\/catolicanet.net\/wp-cnet\/wp-json\/wp\/v2\/posts"}],"about":[{"href":"https:\/\/catolicanet.net\/wp-cnet\/wp-json\/wp\/v2\/types\/post"}],"author":[{"embeddable":true,"href":"https:\/\/catolicanet.net\/wp-cnet\/wp-json\/wp\/v2\/users\/1"}],"replies":[{"embeddable":true,"href":"https:\/\/catolicanet.net\/wp-cnet\/wp-json\/wp\/v2\/comments?post=43018"}],"version-history":[{"count":1,"href":"https:\/\/catolicanet.net\/wp-cnet\/wp-json\/wp\/v2\/posts\/43018\/revisions"}],"predecessor-version":[{"id":43020,"href":"https:\/\/catolicanet.net\/wp-cnet\/wp-json\/wp\/v2\/posts\/43018\/revisions\/43020"}],"wp:featuredmedia":[{"embeddable":true,"href":"https:\/\/catolicanet.net\/wp-cnet\/wp-json\/wp\/v2\/media\/43019"}],"wp:attachment":[{"href":"https:\/\/catolicanet.net\/wp-cnet\/wp-json\/wp\/v2\/media?parent=43018"}],"wp:term":[{"taxonomy":"category","embeddable":true,"href":"https:\/\/catolicanet.net\/wp-cnet\/wp-json\/wp\/v2\/categories?post=43018"},{"taxonomy":"post_tag","embeddable":true,"href":"https:\/\/catolicanet.net\/wp-cnet\/wp-json\/wp\/v2\/tags?post=43018"}],"curies":[{"name":"wp","href":"https:\/\/api.w.org\/{rel}","templated":true}]}}