{"id":43005,"date":"2018-08-15T09:58:48","date_gmt":"2018-08-15T12:58:48","guid":{"rendered":"http:\/\/catolicanet.net\/wp-cnet\/?p=43005"},"modified":"2018-08-15T14:03:12","modified_gmt":"2018-08-15T17:03:12","slug":"o-cristao-e-o-mundo","status":"publish","type":"post","link":"https:\/\/catolicanet.net\/wp-cnet\/o-cristao-e-o-mundo\/","title":{"rendered":"O crist\u00e3o e o mundo"},"content":{"rendered":"<p>Quando o ser humano procura estar unido a Deus, implicitamente ele adere \u00e0 obra admir\u00e1vel do Criador. Com efeito, ensina a B\u00edblia que \u201cnarram os c\u00e9us a gl\u00f3ria de Deus e o firmamento anuncia a obra de suas m\u00e3os\u201d (Sl 18, 2); e ainda \u201c\u00e9 a partir da grandeza e da beleza das criaturas que, por analogia, se conhece o seu autor\u201d (Sab 13, 5). A natureza patenteia Deus aos homens, pois Ele criou o ser racional capaz de conhec\u00ea-lo e de contemplar na natureza os sinais da Sua exist\u00eancia. O Catecismo da Igreja Cat\u00f3lica (\u00a7 31 a 35) diz que o homem traz em si o desejo de buscar a Deus. \u00c9 um desejo inscrito pelo pr\u00f3prio Criador. N\u00e3o importa o quanto queiramos fugir, sempre somos atra\u00eddos para Ele. \u00c9 o que \u00a0explicou magistralmente Santo Agostinho: \u201cFizeste-nos para Ti, Senhor, e o nosso cora\u00e7\u00e3o est\u00e1 inquieto enquanto n\u00e3o repousar em Ti.\u201d (Conf. 1, 1). O Bispo de Hipona ainda explicou: &#8220;Interroga a beleza da terra, interroga a beleza do mar interroga a beleza do ar que se dilata e difunde, interroga a beleza do c\u00e9u (&#8230;) interroga todas estas realidades. Todas te respondem: Est\u00e1s a ver como somos belas. A beleza delas \u00e9 o seu testemunho de louvor. Essas belezas sujeitas \u00e0 mudan\u00e7a, quem as fez sen\u00e3o o Belo, que n\u00e3o est\u00e1 sujeite \u00e0 mudan\u00e7a?&#8221;\u00a0 ( Serm\u00e3o 241. Apud CIC 32). \u00c9 que as maravilhas que h\u00e1 na natureza mostram \u00e0s intelig\u00eancias em busca da felicidade a infinita sabedoria do Ser Supremo que as criou porque o \u201cbem \u00e9 de si difusivo\u201d, segundo Santo Tom\u00e1s de Aquino. O Ser Infinito n\u00e3o deve ser entendido como quem ultrapassa as criaturas criadas \u00e0 sua imagem e semelhan\u00e7a, mas o Bem Supremo que as cumula e se oferece para ench\u00ea-las sempre mais de dons. Donde o segredo de uma vida feliz \u00e9 estar unido a esse Bem Eteno com o cora\u00e7\u00e3o continuamente agradecido, confiando a Ele o futuro. Ai o segredo de uma realiza\u00e7\u00e3o pessoal, assegurando um progresso cont\u00ednuo, reparando as naturais debilidades humanas do passado. Ao lastimar as faltas ocorridas, gozando o bem j\u00e1 recebido, abre-se para quem cr\u00ea a perspectiva para a esperan\u00e7a, firmada na certeza de que Deus \u00e9 misericordioso, \u201cDeus \u00e9 amor\u201d, como bem O definiu S\u00e3o Jo\u00e3o (1 Jo 1,4) <em>.<\/em> Nele o ilimitado dos apelos humanos e a insaciabilidade de seus anelos encontra a solu\u00e7\u00e3o de todos os problemas naturais a seres contingentes, limitados. A indiferen\u00e7a humana ou a desaten\u00e7\u00e3o perante a realidade divina fragilizam, a mediocridade religiosa aniquila, mas o imergir no oceano de bondade que \u00e9 Deus engrandece imensamente o homem. Isso por que a religiosidade profunda lan\u00e7a na Realidade Eterna e o faz participante da mesma natureza divina atrav\u00e9s da gra\u00e7a santificante recebida no Batismo. Feliz o que tem o olhar para Aquele que verdadeiramente n\u00e3o muda e que, al\u00e9m vida terrestre, oferece uma eternidade bem-aventurada, no incompar\u00e1vel\u00a0 repouso da vis\u00e3o beat\u00edfica. S\u00e3o Paulo deixou claro que agora conhecemos a Deus e as coisas divinas pelo seu reflexo, atrav\u00e9s das criaturas\u00a0 por dedu\u00e7\u00e3o anal\u00f3gica\u00a0 de uma imagem imperfeita, mas no c\u00e9u, conheceremos com vis\u00e3o intuitiva, n\u00edtida\u00a0 e plena porque veremos Deus face a face (1Cor 132,12). Eis a raz\u00e3o pela qual cumpre evitar todo o risco de se entregar aos fins terrenos, esquecendo os bens sobrenaturais. Lembra o livro Imita\u00e7\u00e3o de Cristo que ainda que possu\u00edsse todos os bens criados, o homem n\u00e3o poderia ser feliz e estar contente, porque s\u00f3 em Deus, Criador de tudo, consiste sua bem-aventuran\u00e7a e felicidade; n\u00e3o qual a entendem e louvam os amadores do mundo, mas como a esperam os bons servos de Cristo, e, \u00e0s vezes, antegozam as pessoas espirituais e limpos de cora\u00e7\u00e3o,\u00a0 j\u00e1 aqui na terra \u00abcuja conversa\u00e7\u00e3o est\u00e1 nos c\u00e9us\u00bb. Fichte, fil\u00f3sofo alem\u00e3o, teve raz\u00e3o ao dizer que\u00a0\u00a0 \u00abDesde que o homem caia em si e a si mesmo pergunte se \u00e9 feliz, logo ecoa no seu \u00edntimo uma voz muito clara dizendo: \u00d3 n\u00e3o! De forma alguma! Ainda continuas t\u00e3o vazio e indigente como a princ\u00edpio! \u2014 Convencido disto, julga ter errado t\u00e3o somente na escolha do objeto e logo se atira a outro. Mas tamb\u00e9m este o deixa insatisfeito como o primeiro. Jamais achar\u00e1 contentamento em coisa alguma que exista debaixo do sol e da lua\u201d. De fato, s\u00f3 em Deus o ser\u00a0 humano encontra a resposta a suas indaga\u00e7\u00f5es. A felicidade \u00edntima do homem \u00e9 proporcional, por\u00e9m, \u00e0 largura e profundidade da sua f\u00e9. Alegria e paz \u00e9 o que Deus deseja para todos, mas \u00e9 preciso estar em sintonia permanente com Ele Encontro pessoal com Aquele que quer fazer cada um participar de sua pr\u00f3pria vida.<\/p>\n","protected":false},"excerpt":{"rendered":"<p>Quando o ser humano procura estar unido a Deus, implicitamente ele adere \u00e0 obra admir\u00e1vel do Criador. Com efeito, ensina a B\u00edblia que \u201cnarram os c\u00e9us a gl\u00f3ria de Deus e o firmamento anuncia a obra de suas m\u00e3os\u201d (Sl 18, 2); e ainda \u201c\u00e9 a partir da grandeza e da beleza das criaturas que, [&hellip;]<\/p>\n","protected":false},"author":1,"featured_media":32782,"comment_status":"open","ping_status":"closed","sticky":false,"template":"","format":"standard","meta":{"footnotes":""},"categories":[9],"tags":[],"class_list":["post-43005","post","type-post","status-publish","format-standard","has-post-thumbnail","hentry","category-artigos"],"_links":{"self":[{"href":"https:\/\/catolicanet.net\/wp-cnet\/wp-json\/wp\/v2\/posts\/43005","targetHints":{"allow":["GET"]}}],"collection":[{"href":"https:\/\/catolicanet.net\/wp-cnet\/wp-json\/wp\/v2\/posts"}],"about":[{"href":"https:\/\/catolicanet.net\/wp-cnet\/wp-json\/wp\/v2\/types\/post"}],"author":[{"embeddable":true,"href":"https:\/\/catolicanet.net\/wp-cnet\/wp-json\/wp\/v2\/users\/1"}],"replies":[{"embeddable":true,"href":"https:\/\/catolicanet.net\/wp-cnet\/wp-json\/wp\/v2\/comments?post=43005"}],"version-history":[{"count":1,"href":"https:\/\/catolicanet.net\/wp-cnet\/wp-json\/wp\/v2\/posts\/43005\/revisions"}],"predecessor-version":[{"id":43008,"href":"https:\/\/catolicanet.net\/wp-cnet\/wp-json\/wp\/v2\/posts\/43005\/revisions\/43008"}],"wp:featuredmedia":[{"embeddable":true,"href":"https:\/\/catolicanet.net\/wp-cnet\/wp-json\/wp\/v2\/media\/32782"}],"wp:attachment":[{"href":"https:\/\/catolicanet.net\/wp-cnet\/wp-json\/wp\/v2\/media?parent=43005"}],"wp:term":[{"taxonomy":"category","embeddable":true,"href":"https:\/\/catolicanet.net\/wp-cnet\/wp-json\/wp\/v2\/categories?post=43005"},{"taxonomy":"post_tag","embeddable":true,"href":"https:\/\/catolicanet.net\/wp-cnet\/wp-json\/wp\/v2\/tags?post=43005"}],"curies":[{"name":"wp","href":"https:\/\/api.w.org\/{rel}","templated":true}]}}