{"id":43002,"date":"2018-08-15T09:32:34","date_gmt":"2018-08-15T12:32:34","guid":{"rendered":"http:\/\/catolicanet.net\/wp-cnet\/?p=43002"},"modified":"2018-08-15T09:38:17","modified_gmt":"2018-08-15T12:38:17","slug":"comissao-prepara-texto-das-diretrizes-da-acao-evangelizadora-da-igreja-no-brasil-2019-2023","status":"publish","type":"post","link":"https:\/\/catolicanet.net\/wp-cnet\/comissao-prepara-texto-das-diretrizes-da-acao-evangelizadora-da-igreja-no-brasil-2019-2023\/","title":{"rendered":"Comiss\u00e3o prepara texto das diretrizes da a\u00e7\u00e3o evangelizadora da Igreja no Brasil 2019\/2023"},"content":{"rendered":"<div class=\"wp-caption\"><\/div>\n<div id=\"attachment_198985\" class=\"wp-caption alignleft\">\n<p><img loading=\"lazy\" decoding=\"async\" class=\"wp-image-198985 size-medium\" src=\"http:\/\/www.cnbb.org.br\/wp-content\/uploads\/sites\/32\/2018\/08\/IMG_1913-300x200.jpg\" srcset=\"http:\/\/www.cnbb.org.br\/wp-content\/uploads\/sites\/32\/2018\/08\/IMG_1913-300x200.jpg 300w, http:\/\/www.cnbb.org.br\/wp-content\/uploads\/sites\/32\/2018\/08\/IMG_1913-768x512.jpg 768w, http:\/\/www.cnbb.org.br\/wp-content\/uploads\/sites\/32\/2018\/08\/IMG_1913-1024x683.jpg 1024w\" alt=\"\" width=\"300\" height=\"200\" \/><\/p>\n<p class=\"wp-caption-text\">Dom Belis\u00e1rio, presidente da Comiss\u00e3o de atualiza\u00e7\u00e3o das DGAE 2019\/2023. Foto: Assessoria de Imprensa da CNBB\/Matheus de Souza<\/p>\n<\/div>\n<p>O arcebispo de S\u00e3o Lu\u00eds do Maranh\u00e3o e presidente do Regional Nordeste 5, dom Jos\u00e9 Belis\u00e1rio da Silva coordenou no dia 14 de agosto, na sede da Confer\u00eancia Nacional dos Bispos do Brasil (CNBB), a primeira reuni\u00e3o de uma Comiss\u00e3o especialmente convocada para produzir um \u201ctexto m\u00e1rtir\u201d sobre a atualiza\u00e7\u00e3o das Diretrizes da A\u00e7\u00e3o Evangelizadora da Igreja no Brasil (DGAE \u2013 2019\/2023).<\/p>\n<p>\u201cEm termos de reda\u00e7\u00e3o estamos no come\u00e7o\u2019, explicou o bispo, n\u00e3o deixando de lembrar, contudo, que as sugest\u00f5es para atualiza\u00e7\u00e3o come\u00e7aram a ser levantadas desde a 56\u00aa Assembleia Geral da CNBB, realizada em Aparecida (SP), em maio deste ano. A atualiza\u00e7\u00e3o das diretrizes tamb\u00e9m foi aprofundada na reuni\u00e3o do Conselho Permanente da CNBB em reuni\u00e3o no m\u00eas de junho deste ano.<\/p>\n<p>\u201cEstamos agora muito preocupados, como comiss\u00e3o, devido ao tempo muito curto. Nosso desejo \u00e9 apresentar j\u00e1 na reuni\u00e3o do Conselho Permanente, em novembro pr\u00f3ximo, um texto m\u00e1rtir. Estamos ainda fechando e dividindo as tarefas\u201d, informou.<\/p>\n<p><strong>Mundo urbano<\/strong> \u2013 O bispo lembra que a atua\u00e7\u00e3o da Igreja no mundo urbano, conforme j\u00e1 amadurecido pelos bispos do Brasil, ser\u00e1 o foco do documento. \u201cA gente est\u00e1 procurando um eixo ao redor do qual a a\u00e7\u00e3o pastoral possa se organizar. Esse eixo, para n\u00e3o haver muita dispers\u00e3o, estamos sugerindo que possa ser: comunidade mission\u00e1ria de presen\u00e7a no mundo urbano\u201d, disse.<\/p>\n<p>Al\u00e9m de ser dividido nos tr\u00eas momentos da metodologia da a\u00e7\u00e3o da Igreja (ver, julgar e agir), a Comiss\u00e3o de atualiza\u00e7\u00e3o das DGAE 2019\/2023 est\u00e1 atuando para elaborar um texto breve, proposito e positivo na maneira de olhar a realidade urbana. O documento, segundo dom Belis\u00e1rio, ter\u00e1 uma introdu\u00e7\u00e3o na qual haver\u00e1 o ponto de partida e a vis\u00e3o pastoral da Igreja no Brasil.<\/p>\n<p>Como das outras vezes, o religioso pensa que o texto m\u00e1rtir ser\u00e1 colocado \u00e0 disposi\u00e7\u00e3o da Igreja do Brasil que consultar\u00e1 o maior n\u00famero poss\u00edvel de pessoas, incluindo tamb\u00e9m os movimentos eclesiais que com presen\u00e7a criativa na Igreja no Brasil. A partir da avalia\u00e7\u00e3o dos bispos, na reuni\u00e3o do Conselho Permanente, em novembro pr\u00f3ximo, ser\u00e1 feita uma revis\u00e3o e ent\u00e3o o documento ser\u00e1 enviado, antes da 57\u00aa Assembleia, aos bispos do brasil que poder\u00e3o ainda debat\u00ea-lo e aprofund\u00e1-lo junto \u00e0 seu povo.<\/p>\n<p>&nbsp;<\/p>\n<p>Fonte: CNBB<\/p>\n","protected":false},"excerpt":{"rendered":"<p>Dom Belis\u00e1rio, presidente da Comiss\u00e3o de atualiza\u00e7\u00e3o das DGAE 2019\/2023. Foto: Assessoria de Imprensa da CNBB\/Matheus de Souza O arcebispo de S\u00e3o Lu\u00eds do Maranh\u00e3o e presidente do Regional Nordeste 5, dom Jos\u00e9 Belis\u00e1rio da Silva coordenou no dia 14 de agosto, na sede da Confer\u00eancia Nacional dos Bispos do Brasil (CNBB), a primeira reuni\u00e3o [&hellip;]<\/p>\n","protected":false},"author":1,"featured_media":43003,"comment_status":"open","ping_status":"closed","sticky":false,"template":"","format":"standard","meta":{"footnotes":""},"categories":[7],"tags":[],"class_list":["post-43002","post","type-post","status-publish","format-standard","has-post-thumbnail","hentry","category-cnbb"],"_links":{"self":[{"href":"https:\/\/catolicanet.net\/wp-cnet\/wp-json\/wp\/v2\/posts\/43002","targetHints":{"allow":["GET"]}}],"collection":[{"href":"https:\/\/catolicanet.net\/wp-cnet\/wp-json\/wp\/v2\/posts"}],"about":[{"href":"https:\/\/catolicanet.net\/wp-cnet\/wp-json\/wp\/v2\/types\/post"}],"author":[{"embeddable":true,"href":"https:\/\/catolicanet.net\/wp-cnet\/wp-json\/wp\/v2\/users\/1"}],"replies":[{"embeddable":true,"href":"https:\/\/catolicanet.net\/wp-cnet\/wp-json\/wp\/v2\/comments?post=43002"}],"version-history":[{"count":3,"href":"https:\/\/catolicanet.net\/wp-cnet\/wp-json\/wp\/v2\/posts\/43002\/revisions"}],"predecessor-version":[{"id":43007,"href":"https:\/\/catolicanet.net\/wp-cnet\/wp-json\/wp\/v2\/posts\/43002\/revisions\/43007"}],"wp:featuredmedia":[{"embeddable":true,"href":"https:\/\/catolicanet.net\/wp-cnet\/wp-json\/wp\/v2\/media\/43003"}],"wp:attachment":[{"href":"https:\/\/catolicanet.net\/wp-cnet\/wp-json\/wp\/v2\/media?parent=43002"}],"wp:term":[{"taxonomy":"category","embeddable":true,"href":"https:\/\/catolicanet.net\/wp-cnet\/wp-json\/wp\/v2\/categories?post=43002"},{"taxonomy":"post_tag","embeddable":true,"href":"https:\/\/catolicanet.net\/wp-cnet\/wp-json\/wp\/v2\/tags?post=43002"}],"curies":[{"name":"wp","href":"https:\/\/api.w.org\/{rel}","templated":true}]}}