{"id":42988,"date":"2018-08-14T13:52:59","date_gmt":"2018-08-14T16:52:59","guid":{"rendered":"http:\/\/catolicanet.net\/wp-cnet\/?p=42988"},"modified":"2018-08-14T14:20:00","modified_gmt":"2018-08-14T17:20:00","slug":"estimados-amigos-as-que-formam-a-orquestra-para-alem-da-partitura","status":"publish","type":"post","link":"https:\/\/catolicanet.net\/wp-cnet\/estimados-amigos-as-que-formam-a-orquestra-para-alem-da-partitura\/","title":{"rendered":"Estimados amigos\/as que formam a Orquestra &#8220;Para Al\u00e9m da Partitura&#8221;!"},"content":{"rendered":"<p>Nos dias 4 a 5 de agosto n\u00f3s, Irm\u00e3s do Imaculado Cora\u00e7\u00e3o de Maria, que constitu\u00edmos a Prov\u00edncia Nossa Senhora de Guadalupe, vivemos momentos fortes de ora\u00e7\u00e3o-celebra\u00e7\u00e3o por ocasi\u00e3o do Encontro de Canto Pastoral e M\u00fasica Lit\u00fargica. No dia 04 foi inaugurada a Sala de M\u00fasica <strong>&#8220;Para Al\u00e9m da Partitura&#8221;<\/strong>. Foi uma experi\u00eancia trinit\u00e1ria de Deus, onde a m\u00fasica preencheu o ambiente numa inelud\u00edvel sinfonia do amor! Os m\u00fasicos-cantores juntamente com as Irm\u00e3s e comunidades eclesiais espalharam as notas musicais em cada recanto do Educand\u00e1rio S\u00e3o Jos\u00e9 do Bel\u00e9m! Pessoas vindas de outras cidades e de outros estados abrilhantaram o evento dando o melhor de si cantando com o cora\u00e7\u00e3o e caprichando em cada nota numa sintonia eclesial no Cora\u00e7\u00e3o da Igreja. Nessa alegria inacabada, a Sala de M\u00fasica abre suas portas para visita de todos\/as que conheceram e querem conhecer o trabalho da Irm\u00e3 M\u00edria Therezinha Kolling. Estamos conscientes de que a &#8220;M\u00fasica n\u00e3o \u00e9 para ser encoberta&#8221;, mas para ser vibrada no ar da Vida da Igreja e fazer o povo cantar as maravilhas e a solidariedade de Deus com a humanidade. Na certeza de que o Dom dado \u00e0 Irm\u00e3 M\u00edria foi doado \u00e0 Igreja e que, por esse motivo, deve continuar a servi\u00e7o-mission\u00e1rio! Miss\u00e3o essa que cabe a n\u00f3s Irm\u00e3s do ICM atrav\u00e9s da equipe constitu\u00edda por: Eurivaldo Ferreira, Daniel De Angeles, Irm\u00e3 Id\u00ea Maria Cunha, Eurisanete Ferreira, Maria Aurora Ferreira, Adenor Leonardo Terra e Marco Campos, coordenada por Irm\u00e3 Adelaide Queir\u00f3z Lima. Essa equipe dar\u00e1 continuidade aos Encontros de Canto Pastoral e M\u00fasica Lit\u00fargica nas Dioceses e Comunidades que solicitarem.<\/p>\n<p><img decoding=\"async\" src=\"http:\/\/www.irmamiria.com.br\/Pages\/Images\/Fotos\/DSCN0154.JPG\" alt=\"\" \/>Irm\u00e3 M\u00edria viveu, cantou, dan\u00e7ou sob a m\u00fasica valsante da Trindade como se n\u00e3o houvesse o amanh\u00e3. Trilhou os caminhos indicados por Jesus Cristo aconchegada no Cora\u00e7\u00e3o de Deus Pai sob o movimento da <em>Ruah <\/em>Divina! Foi uma vida inteiramente doada ao Povo de Deus atrav\u00e9s do canto. Viveu a &#8220;Solid\u00e3o Sonora&#8221; do Amor! &#8220;Viu o Senhor&#8221; e chegou no outro lado da vida em plenitude.<\/p>\n<p><a href=\"http:\/\/www.irmamiria.com.br\/Pages\/Fotos.aspx?album=189\">\u00a0 Veja mais na galeria de fotos&#8230;<\/a><\/p>\n<p>&nbsp;<\/p>\n<p>Irm\u00e3 Maria Freire da Silva<\/p>\n<p>Coordenadora Provincial<\/p>\n<p>&nbsp;<\/p>\n<p>&nbsp;<\/p>\n","protected":false},"excerpt":{"rendered":"<p>Nos dias 4 a 5 de agosto n\u00f3s, Irm\u00e3s do Imaculado Cora\u00e7\u00e3o de Maria, que constitu\u00edmos a Prov\u00edncia Nossa Senhora de Guadalupe, vivemos momentos fortes de ora\u00e7\u00e3o-celebra\u00e7\u00e3o por ocasi\u00e3o do Encontro de Canto Pastoral e M\u00fasica Lit\u00fargica. No dia 04 foi inaugurada a Sala de M\u00fasica &#8220;Para Al\u00e9m da Partitura&#8221;. Foi uma experi\u00eancia trinit\u00e1ria de [&hellip;]<\/p>\n","protected":false},"author":1,"featured_media":42989,"comment_status":"open","ping_status":"closed","sticky":false,"template":"","format":"standard","meta":{"footnotes":""},"categories":[13],"tags":[],"class_list":["post-42988","post","type-post","status-publish","format-standard","has-post-thumbnail","hentry","category-featured"],"_links":{"self":[{"href":"https:\/\/catolicanet.net\/wp-cnet\/wp-json\/wp\/v2\/posts\/42988","targetHints":{"allow":["GET"]}}],"collection":[{"href":"https:\/\/catolicanet.net\/wp-cnet\/wp-json\/wp\/v2\/posts"}],"about":[{"href":"https:\/\/catolicanet.net\/wp-cnet\/wp-json\/wp\/v2\/types\/post"}],"author":[{"embeddable":true,"href":"https:\/\/catolicanet.net\/wp-cnet\/wp-json\/wp\/v2\/users\/1"}],"replies":[{"embeddable":true,"href":"https:\/\/catolicanet.net\/wp-cnet\/wp-json\/wp\/v2\/comments?post=42988"}],"version-history":[{"count":2,"href":"https:\/\/catolicanet.net\/wp-cnet\/wp-json\/wp\/v2\/posts\/42988\/revisions"}],"predecessor-version":[{"id":42991,"href":"https:\/\/catolicanet.net\/wp-cnet\/wp-json\/wp\/v2\/posts\/42988\/revisions\/42991"}],"wp:featuredmedia":[{"embeddable":true,"href":"https:\/\/catolicanet.net\/wp-cnet\/wp-json\/wp\/v2\/media\/42989"}],"wp:attachment":[{"href":"https:\/\/catolicanet.net\/wp-cnet\/wp-json\/wp\/v2\/media?parent=42988"}],"wp:term":[{"taxonomy":"category","embeddable":true,"href":"https:\/\/catolicanet.net\/wp-cnet\/wp-json\/wp\/v2\/categories?post=42988"},{"taxonomy":"post_tag","embeddable":true,"href":"https:\/\/catolicanet.net\/wp-cnet\/wp-json\/wp\/v2\/tags?post=42988"}],"curies":[{"name":"wp","href":"https:\/\/api.w.org\/{rel}","templated":true}]}}