{"id":42968,"date":"2018-08-13T16:56:40","date_gmt":"2018-08-13T19:56:40","guid":{"rendered":"http:\/\/catolicanet.net\/wp-cnet\/?p=42968"},"modified":"2018-08-13T16:57:14","modified_gmt":"2018-08-13T19:57:14","slug":"pe-jose-eduardo-denuncia-que-stf-cortou-sou-fala-em-video-de-audiencia-sobre-o-aborto","status":"publish","type":"post","link":"https:\/\/catolicanet.net\/wp-cnet\/pe-jose-eduardo-denuncia-que-stf-cortou-sou-fala-em-video-de-audiencia-sobre-o-aborto\/","title":{"rendered":"Pe. Jos\u00e9 Eduardo denuncia que STF cortou sou fala em v\u00eddeo de audi\u00eancia sobre o aborto"},"content":{"rendered":"<p>Depois de participar de audi\u00eancia p\u00fablica no Supremo Tribunal Federal sobre a descriminaliza\u00e7\u00e3o do <a href=\"https:\/\/www.acidigital.com\/vida\/aborto\/index.html\">aborto<\/a> e apontar o ativismo judicial, Pe. Jos\u00e9 Eduardo de Oliveira, da Diocese de Osasco (SP) denunciou que sua fala foi cortada em v\u00eddeo publicado no canal oficial da institui\u00e7\u00e3o, o qual foi retirado do ar em seguida.<\/p>\n<p>O sacerdote, que \u00e9 professor de Teologia Moral, foi um dos representantes da Confer\u00eancia Nacional dos <a href=\"https:\/\/www.acidigital.com\/igreja\/bispos.htm\">Bispos<\/a> do Brasil (CNBB) durante a audi\u00eancia p\u00fablica convocada pelo STF sobre a Argui\u00e7\u00e3o de Descumprimento de Preceito Fundamental 442\/2017 (ADPF 442), que prop\u00f5e a descriminaliza\u00e7\u00e3o do aborto at\u00e9 a 12\u00aa semana de gesta\u00e7\u00e3o. A audi\u00eancia aconteceu nos dias 3 e 6 de agosto e o presb\u00edtero participou no segundo dia.<\/p>\n<p><iframe loading=\"lazy\" src=\"https:\/\/www.facebook.com\/plugins\/video.php?href=https%3A%2F%2Fwww.facebook.com%2Fjose.eduardo.7792%2Fvideos%2F2378332552178746%2F&amp;show_text=0&amp;width=560\" width=\"560\" height=\"315\" frameborder=\"0\" scrolling=\"no\" allowfullscreen=\"allowfullscreen\" data-mce-fragment=\"1\"><\/iframe><\/p>\n<p>Na ter\u00e7a-feira, 7 de agosto, Pe. Jos\u00e9 Eduardo informou em sua p\u00e1gina de Facebook que o canal oficial do SFT no Youtube havia publicado v\u00eddeos da \u00edntegra da audi\u00eancia, por\u00e9m, a sua fala tinha sido cortada.<\/p>\n<div class=\"ad_inline\">\n<div id=\"div-gpt-ad-1472661422739-0\" data-google-query-id=\"CP-XoI_n6twCFQNPhgodkowDgg\">\n<div id=\"google_ads_iframe_\/4493921\/ACI_D_Article_1_0__container__\"><\/div>\n<\/div>\n<\/div>\n<p>\u201cPara minha surpresa, eles simplesmente cortaram a parte final do meu discurso, justamente aquela em que eu come\u00e7ava falando sobre a Rom\u00eania, que foi muito citada na audi\u00eancia e \u00e9 apresentada como exemplo de diminui\u00e7\u00e3o do n\u00famero de aborto ap\u00f3s a aprova\u00e7\u00e3o e eu mostrava que, muito pelo contr\u00e1rio, o aborto na Rom\u00eania \u00e9 nove vezes maior do que no Brasil\u201d, afirmou.<\/p>\n<p>Segundo o sacerdote, \u201cmostrando esses n\u00fameros, chegava \u00e0 conclus\u00e3o de que, exatamente ao contr\u00e1rio do que tinha sido sustentado na audi\u00eancia de sexta-feira, quando se legaliza o aborto, o n\u00famero de pr\u00e1ticas aumenta\u201d.<\/p>\n<p>\u201cEnt\u00e3o, eu terminava dizendo: \u2018N\u00e3o mintam para o povo brasileiro, n\u00e3o subestimem a democracia. Democracia n\u00e3o \u00e9 somente voto\u2019. Essa frase \u00e9 sempre muito dita pelo ministro Barroso\u201d.<\/p>\n<p>No trecho cortado de sua fala, o sacerdote ainda afirmava que \u201cos brasileiros est\u00e3o vendo o que est\u00e1 acontecendo aqui. Sabem o teatro que est\u00e1 sendo armado e sabem fazer valer o seu papel no regime democr\u00e1tico\u201d.<\/p>\n<p>Para Pe. Jos\u00e9 Eduardo, \u201c\u00e9 um absurdo que justamente o STF n\u00e3o queira nos dar a voz completa e agora corte o v\u00eddeo da nossa apresenta\u00e7\u00e3o. Eles disseram que estavam l\u00e1 para ouvir, mas, como voc\u00eas podem perceber, n\u00e3o \u00e9 bem isso\u201d.<\/p>\n<p>Ap\u00f3s essa den\u00fancia feita por Pe. Jos\u00e9 Eduardo em suas redes sociais, o v\u00eddeo da audi\u00eancia com a sua participa\u00e7\u00e3o foi retirado do canal do Youtube do STF. O v\u00eddeo em que mostrava a participa\u00e7\u00e3o do sacerdote era intitulado \u2018Audi\u00eancia P\u00fablica &#8211; Descriminaliza\u00e7\u00e3o do aborto (4\/4)\u2019.<\/p>\n<p>At\u00e9 o fechamento desta mat\u00e9ria, estavam no canal do Youtube do Supremo apenas os v\u00eddeos 1\/4, 2\/4 e 4\/4.<\/p>\n<p>\u201cCurioso \u00e9 que, a partir deste corte, todas as apresenta\u00e7\u00f5es da manh\u00e3 foram cortadas e, no lugar, foram colocadas as falas da sexta-feira! Na segunda-feira de manh\u00e3 tinha mais pr\u00f3-vidas!!! \u00a0Estranho!\u201d, denunciou Pe. Jos\u00e9 Eduardo, ao atualizar sua publica\u00e7\u00e3o na tarde de ter\u00e7a-feira.<\/p>\n<p>&nbsp;<\/p>\n<p>Fonte: Acidigital<\/p>\n","protected":false},"excerpt":{"rendered":"<p>Depois de participar de audi\u00eancia p\u00fablica no Supremo Tribunal Federal sobre a descriminaliza\u00e7\u00e3o do aborto e apontar o ativismo judicial, Pe. Jos\u00e9 Eduardo de Oliveira, da Diocese de Osasco (SP) denunciou que sua fala foi cortada em v\u00eddeo publicado no canal oficial da institui\u00e7\u00e3o, o qual foi retirado do ar em seguida. O sacerdote, que [&hellip;]<\/p>\n","protected":false},"author":1,"featured_media":42969,"comment_status":"open","ping_status":"closed","sticky":false,"template":"","format":"standard","meta":{"footnotes":""},"categories":[4],"tags":[],"class_list":["post-42968","post","type-post","status-publish","format-standard","has-post-thumbnail","hentry","category-cotidiano"],"_links":{"self":[{"href":"https:\/\/catolicanet.net\/wp-cnet\/wp-json\/wp\/v2\/posts\/42968","targetHints":{"allow":["GET"]}}],"collection":[{"href":"https:\/\/catolicanet.net\/wp-cnet\/wp-json\/wp\/v2\/posts"}],"about":[{"href":"https:\/\/catolicanet.net\/wp-cnet\/wp-json\/wp\/v2\/types\/post"}],"author":[{"embeddable":true,"href":"https:\/\/catolicanet.net\/wp-cnet\/wp-json\/wp\/v2\/users\/1"}],"replies":[{"embeddable":true,"href":"https:\/\/catolicanet.net\/wp-cnet\/wp-json\/wp\/v2\/comments?post=42968"}],"version-history":[{"count":1,"href":"https:\/\/catolicanet.net\/wp-cnet\/wp-json\/wp\/v2\/posts\/42968\/revisions"}],"predecessor-version":[{"id":42970,"href":"https:\/\/catolicanet.net\/wp-cnet\/wp-json\/wp\/v2\/posts\/42968\/revisions\/42970"}],"wp:featuredmedia":[{"embeddable":true,"href":"https:\/\/catolicanet.net\/wp-cnet\/wp-json\/wp\/v2\/media\/42969"}],"wp:attachment":[{"href":"https:\/\/catolicanet.net\/wp-cnet\/wp-json\/wp\/v2\/media?parent=42968"}],"wp:term":[{"taxonomy":"category","embeddable":true,"href":"https:\/\/catolicanet.net\/wp-cnet\/wp-json\/wp\/v2\/categories?post=42968"},{"taxonomy":"post_tag","embeddable":true,"href":"https:\/\/catolicanet.net\/wp-cnet\/wp-json\/wp\/v2\/tags?post=42968"}],"curies":[{"name":"wp","href":"https:\/\/api.w.org\/{rel}","templated":true}]}}