{"id":42951,"date":"2018-08-13T16:15:47","date_gmt":"2018-08-13T19:15:47","guid":{"rendered":"http:\/\/catolicanet.net\/wp-cnet\/?p=42951"},"modified":"2018-08-13T16:15:47","modified_gmt":"2018-08-13T19:15:47","slug":"bispos-pedem-para-diferenciar-os-cuidados-paliativos-da-morte-assistida","status":"publish","type":"post","link":"https:\/\/catolicanet.net\/wp-cnet\/bispos-pedem-para-diferenciar-os-cuidados-paliativos-da-morte-assistida\/","title":{"rendered":"Bispos pedem para diferenciar os cuidados paliativos da morte assistida"},"content":{"rendered":"<p>OTTAWA, 13 Ago. 18 \/ 03:30 pm (<a href=\"https:\/\/www.acidigital.com\" target=\"_self\">ACI<\/a>).- Na \u00e9poca do suic\u00eddio legal assistido e da eutan\u00e1sia, os cuidados paliativos devem permanecer como uma forma distinta de aten\u00e7\u00e3o que socorre as necessidades e a dignidade de toda a pessoa no fim natural de sua <a href=\"https:\/\/www.acidigital.com\/vida\/index.html\">vida<\/a>, assinalaram os <a href=\"https:\/\/www.acidigital.com\/igreja\/bispos.htm\">bispos<\/a> cat\u00f3licos do Canad\u00e1.<\/p>\n<p>Os bispos deram as suas recomenda\u00e7\u00f5es em uma apresenta\u00e7\u00e3o para uma consulta p\u00fablica nacional, em resposta \u00e0 aprova\u00e7\u00e3o de um novo projeto de lei sobre o desenvolvimento dos cuidados paliativos no pa\u00eds.<\/p>\n<p>O documento dos bispos se centrou em perguntas e sugest\u00f5es para os provedores de servi\u00e7os de sa\u00fade e foi desenvolvido com a ajuda da \u2018Catholic Health Alliance\u2019 no Canad\u00e1, do Instituto Cat\u00f3lico de Bio\u00e9tica do Canad\u00e1 e outros.<\/p>\n<p>No texto, o presidente da Confer\u00eancia Canadense de Bispos Cat\u00f3licos, Dom Lionel Gendron, afirmou que &#8220;o investimento da comunidade cat\u00f3lica no cuidado da sa\u00fade est\u00e1 inspirado por Cristo&#8221;.<\/p>\n<p>\u00c9 a resposta crist\u00e3 em favor dos doentes, \u201cpara proporcionar os cuidados compassivos aos necessitados\u201d, acompanhar os moribundos &#8220;e dar testemunho da dignidade inviol\u00e1vel da pessoa humana&#8221; em todas as fases da sua vida.<\/p>\n<p>Neste sentido, reiterou a oposi\u00e7\u00e3o da <a href=\"https:\/\/www.acidigital.com\/igreja\/index.html\">Igreja<\/a> \u00e0 eutan\u00e1sia e ao suic\u00eddio assistido, apesar de que foram legalizados pelo Senado em junho de 2016. Entretanto, atualmente alguns legisladores manifestaram que est\u00e3o preocupados de que estas pr\u00e1ticas sejam estendidas aos menores de idade e que a lei entre em conflito com a ideologia de algumas institui\u00e7\u00f5es m\u00e9dicas.<\/p>\n<p>Algumas destas inquietudes surgiram novamente ao conhecerem sobre o caso de Roger Foley, um canadense que sofre de uma doen\u00e7a incur\u00e1vel e afirma que, quando pediu aten\u00e7\u00e3o m\u00e9dica domiciliar, a equipe m\u00e9dica de um hospital de Ont\u00e1rio lhe oferecia apenas o suic\u00eddio assistido.<\/p>\n<p>Diante desta situa\u00e7\u00e3o, os bispos assinaram que, embora a eutan\u00e1sia e o suic\u00eddio assistido tamb\u00e9m sejam conhecidos como \u201cAssist\u00eancia M\u00e9dica de Morte, n\u00e3o devem ser admitidos dentro da defini\u00e7\u00e3o e da pr\u00e1tica de cuidados paliativos&#8221;.<\/p>\n<p>Do mesmo modo, Dom Gendron pediu aos prestadores de cuidados paliativos que n\u00e3o reduzam a sua pr\u00e1tica estritamente \u00e0 ci\u00eancia e levem em considera\u00e7\u00e3o as necessidades emocionais, psicol\u00f3gicas e espirituais das pessoas no final de suas vidas.<\/p>\n<p>Os bispos explicaram que uma aproxima\u00e7\u00e3o cat\u00f3lica aos cuidados paliativos \u00e9 a &#8220;abordagem centrada na pessoa&#8221; e &#8220;que se baseia profundamente na compreens\u00e3o b\u00edblica da cura, da compaix\u00e3o e do amor&#8221;.<\/p>\n<p>Esta abordagem leva em considera\u00e7\u00e3o o &#8220;corpo, a mente e o esp\u00edrito&#8221; de um paciente e tenta aliviar o sofrimento humano, ao mesmo tempo em que atende as &#8220;necessidades transcendentais da pessoa moribunda e dos seus entes queridos&#8221;.<\/p>\n<p>Em seu documento, os prelados tamb\u00e9m pediram melhores informa\u00e7\u00f5es sobre os recursos dos cuidados paliativos para os pacientes e suas fam\u00edlias no Canad\u00e1. As pessoas nunca devem ser reduzidas a estat\u00edsticas e n\u00e3o devem fazer com que os pacientes se sintam como um fardo, acrescentaram.<\/p>\n<p>Al\u00e9m disso, defenderam o desenvolvimento cont\u00ednuo dos cuidados paliativos como uma parte da medicina, que seja de alta qualidade e acess\u00edvel a toda a popula\u00e7\u00e3o.<\/p>\n<p>Por sua parte, indicaram, a Igreja no Canad\u00e1 desenvolver\u00e1 materiais educativos sobre cuidados paliativos a fim de promov\u00ea-los nas par\u00f3quias e no sistema cat\u00f3lico de aten\u00e7\u00e3o m\u00e9dica.<\/p>\n<p>&#8220;Para os cat\u00f3licos, a par\u00f3quia \u00e9 um lugar principal onde as perguntas sobre a vida e o sofrimento, tanto o seu significado como o seu prop\u00f3sito, se exploram na ora\u00e7\u00e3o silenciosa e no di\u00e1logo com os outros&#8221;, disseram os bispos.<\/p>\n<p>&nbsp;<\/p>\n<p>Fonte: Acidigital<\/p>\n","protected":false},"excerpt":{"rendered":"<p>OTTAWA, 13 Ago. 18 \/ 03:30 pm (ACI).- Na \u00e9poca do suic\u00eddio legal assistido e da eutan\u00e1sia, os cuidados paliativos devem permanecer como uma forma distinta de aten\u00e7\u00e3o que socorre as necessidades e a dignidade de toda a pessoa no fim natural de sua vida, assinalaram os bispos cat\u00f3licos do Canad\u00e1. Os bispos deram as [&hellip;]<\/p>\n","protected":false},"author":1,"featured_media":42952,"comment_status":"open","ping_status":"closed","sticky":false,"template":"","format":"standard","meta":{"footnotes":""},"categories":[4],"tags":[],"class_list":["post-42951","post","type-post","status-publish","format-standard","has-post-thumbnail","hentry","category-cotidiano"],"_links":{"self":[{"href":"https:\/\/catolicanet.net\/wp-cnet\/wp-json\/wp\/v2\/posts\/42951","targetHints":{"allow":["GET"]}}],"collection":[{"href":"https:\/\/catolicanet.net\/wp-cnet\/wp-json\/wp\/v2\/posts"}],"about":[{"href":"https:\/\/catolicanet.net\/wp-cnet\/wp-json\/wp\/v2\/types\/post"}],"author":[{"embeddable":true,"href":"https:\/\/catolicanet.net\/wp-cnet\/wp-json\/wp\/v2\/users\/1"}],"replies":[{"embeddable":true,"href":"https:\/\/catolicanet.net\/wp-cnet\/wp-json\/wp\/v2\/comments?post=42951"}],"version-history":[{"count":1,"href":"https:\/\/catolicanet.net\/wp-cnet\/wp-json\/wp\/v2\/posts\/42951\/revisions"}],"predecessor-version":[{"id":42953,"href":"https:\/\/catolicanet.net\/wp-cnet\/wp-json\/wp\/v2\/posts\/42951\/revisions\/42953"}],"wp:featuredmedia":[{"embeddable":true,"href":"https:\/\/catolicanet.net\/wp-cnet\/wp-json\/wp\/v2\/media\/42952"}],"wp:attachment":[{"href":"https:\/\/catolicanet.net\/wp-cnet\/wp-json\/wp\/v2\/media?parent=42951"}],"wp:term":[{"taxonomy":"category","embeddable":true,"href":"https:\/\/catolicanet.net\/wp-cnet\/wp-json\/wp\/v2\/categories?post=42951"},{"taxonomy":"post_tag","embeddable":true,"href":"https:\/\/catolicanet.net\/wp-cnet\/wp-json\/wp\/v2\/tags?post=42951"}],"curies":[{"name":"wp","href":"https:\/\/api.w.org\/{rel}","templated":true}]}}