{"id":4295,"date":"2014-02-25T17:57:08","date_gmt":"2014-02-25T20:57:08","guid":{"rendered":"http:\/\/catolicanet.net\/wp-cnet\/conta-do-papa-no-twitter-bate-novo-recorde\/"},"modified":"2017-04-04T16:23:58","modified_gmt":"2017-04-04T19:23:58","slug":"conta-do-papa-no-twitter-bate-novo-recorde","status":"publish","type":"post","link":"https:\/\/catolicanet.net\/wp-cnet\/conta-do-papa-no-twitter-bate-novo-recorde\/","title":{"rendered":"Conta do Papa no Twitter bate novo recorde"},"content":{"rendered":"<p><img decoding=\"async\" src=\"http:\/\/catolicanet.com.br\/images\/stories\/papateitter.jpg\" border=\"0\" align=\"left\" \/>A conta do Papa na rede social Twitter, \u2018@Pontifex\u2019, atingiu a marca de 12 milh\u00f5es de seguidores, 959 mil dos quais em l\u00edngua portuguesa.<\/p>\n<p>Desde o in\u00edcio de seu Pontificado, em 19 de mar\u00e7o de 2013, Francisco enviou mais de 260 mensagens em portugu\u00eas pelo \u201c\u200f@Pontifex_pt\u201d, resumindo catequeses, homilias e pensamentos.<\/p>\n<p>A l\u00edngua em que o Papa \u00e9 mais seguido \u00e9 espanhol, com 4,9 milh\u00f5es de seguidores. Em ingl\u00eas s\u00e3o 3,6 milh\u00f5es e em italiano, 1 milh\u00e3o e meio.<\/p>\n<p>Em l\u00edngua francesa, os seguidores s\u00e3o mais de 243 mil, em latim 218 mil, polon\u00eas 188 mil, alem\u00e3o 174 mil e \u00e1rabe 113 mil.<\/p>\n<p>A iniciativa foi lan\u00e7ada por Bento XVI em dezembro de 2012. Ao renunciar, 3 meses depois, contava mais de 3 milh\u00f5es. Este n\u00famero hoje est\u00e1 quadruplicado.<\/p>\n<p>Tweeter \u00e9 uma rede social e servidora para microblogging criada em 2006, que permite aos usu\u00e1rios enviar e receber atualiza\u00e7\u00f5es pessoais de outros contatos (em textos de at\u00e9 140 caracteres, conhecidos como \u201ctu\u00edtes\u201d).<\/p>\n<p><strong>Fonte:<\/strong> R\u00e1dio Vaticano<\/p>\n","protected":false},"excerpt":{"rendered":"<p>A conta do Papa na rede social Twitter, \u2018@Pontifex\u2019, atingiu a marca de 12 milh\u00f5es de seguidores, 959 mil dos quais em l\u00edngua portuguesa. Desde o in\u00edcio de seu Pontificado, em 19 de mar\u00e7o de 2013, Francisco enviou mais de 260 mensagens em portugu\u00eas pelo \u201c\u200f@Pontifex_pt\u201d, resumindo catequeses, homilias e pensamentos. A l\u00edngua em que [&hellip;]<\/p>\n","protected":false},"author":1,"featured_media":0,"comment_status":"closed","ping_status":"closed","sticky":false,"template":"","format":"standard","meta":{"footnotes":""},"categories":[3],"tags":[],"class_list":["post-4295","post","type-post","status-publish","format-standard","hentry","category-vaticano"],"_links":{"self":[{"href":"https:\/\/catolicanet.net\/wp-cnet\/wp-json\/wp\/v2\/posts\/4295","targetHints":{"allow":["GET"]}}],"collection":[{"href":"https:\/\/catolicanet.net\/wp-cnet\/wp-json\/wp\/v2\/posts"}],"about":[{"href":"https:\/\/catolicanet.net\/wp-cnet\/wp-json\/wp\/v2\/types\/post"}],"author":[{"embeddable":true,"href":"https:\/\/catolicanet.net\/wp-cnet\/wp-json\/wp\/v2\/users\/1"}],"replies":[{"embeddable":true,"href":"https:\/\/catolicanet.net\/wp-cnet\/wp-json\/wp\/v2\/comments?post=4295"}],"version-history":[{"count":1,"href":"https:\/\/catolicanet.net\/wp-cnet\/wp-json\/wp\/v2\/posts\/4295\/revisions"}],"predecessor-version":[{"id":9209,"href":"https:\/\/catolicanet.net\/wp-cnet\/wp-json\/wp\/v2\/posts\/4295\/revisions\/9209"}],"wp:attachment":[{"href":"https:\/\/catolicanet.net\/wp-cnet\/wp-json\/wp\/v2\/media?parent=4295"}],"wp:term":[{"taxonomy":"category","embeddable":true,"href":"https:\/\/catolicanet.net\/wp-cnet\/wp-json\/wp\/v2\/categories?post=4295"},{"taxonomy":"post_tag","embeddable":true,"href":"https:\/\/catolicanet.net\/wp-cnet\/wp-json\/wp\/v2\/tags?post=4295"}],"curies":[{"name":"wp","href":"https:\/\/api.w.org\/{rel}","templated":true}]}}