{"id":42948,"date":"2018-08-13T16:10:56","date_gmt":"2018-08-13T19:10:56","guid":{"rendered":"http:\/\/catolicanet.net\/wp-cnet\/?p=42948"},"modified":"2018-08-13T16:10:56","modified_gmt":"2018-08-13T19:10:56","slug":"descobrem-como-teriam-sido-as-barcas-que-jesus-usou-no-mar-da-galileia","status":"publish","type":"post","link":"https:\/\/catolicanet.net\/wp-cnet\/descobrem-como-teriam-sido-as-barcas-que-jesus-usou-no-mar-da-galileia\/","title":{"rendered":"Descobrem como teriam sido as barcas que Jesus usou no Mar da Galileia"},"content":{"rendered":"<p>JERUSAL\u00c9M, 13 Ago. 18 \/ 01:30 pm (<a href=\"https:\/\/www.acidigital.com\" target=\"_self\">ACI<\/a>).- Gra\u00e7as a uma descoberta arqueol\u00f3gica, um grupo de cientistas poderia estabelecer como foram as barcas que Jesus usou nos acontecimentos narrados nos Evangelho como o da tempestade ou quando convidou seus ap\u00f3stolos a serem &#8220;pescadores de homens&#8221;.<\/p>\n<p>Segundo informou \u2018Christian Media Center\u2019 (CMC), em 1986, uma seca no Mar da Galileia (Israel) permitiu ver os restos de uma barca que atualmente est\u00e1 no Centro Yigal Allon.<\/p>\n<p>Os restos foram descobertos pelos irm\u00e3os Yuval e Moshe Lupin. Ao tomar conhecimento desta descoberta, os arque\u00f3logos da Autoridade de Antiguidades de Israel escavaram durante dez dias para extrair a barca. Durante este trabalho, tamb\u00e9m encontraram objetos como pontas de flechas, l\u00e2mpadas de \u00f3leo e uma panela.<\/p>\n<div class=\"ad_inline\">\n<div id=\"div-gpt-ad-1472661422739-0\" data-google-query-id=\"CL_T1I7d6twCFc9UAQodPToIGw\">\n<div id=\"google_ads_iframe_\/4493921\/ACI_D_Article_1_0__container__\"><\/div>\n<\/div>\n<\/div>\n<p><img decoding=\"async\" src=\"https:\/\/www.aciprensa.com\/images\/Barcacristo-flickrlarrywkoester%28CC-BY-2.0%29-100818.jpg\" alt=\"\" \/><\/p>\n<h6><em>Barca exposta \/ Foto: Flickr Larrywkoester (CC BY 2.0)<\/em><\/h6>\n<p>Esta embarca\u00e7\u00e3o passou por um processo de conserva\u00e7\u00e3o e atualmente \u00e9 exibida em uma sala especial no Centro Allig Yigal. Al\u00e9m disso, \u00e9 projetado um v\u00eddeo com os testemunhos das pessoas que participaram do translado da barca.<\/p>\n<p>O museu est\u00e1 aberto de s\u00e1bado a quinta-feira, das 8h \u00e0s 17h, e \u00e0s sextas-feiras, das 8h \u00e0s 16h.<\/p>\n<p>&nbsp;<\/p>\n<p>Fonte: Acidigital<\/p>\n","protected":false},"excerpt":{"rendered":"<p>JERUSAL\u00c9M, 13 Ago. 18 \/ 01:30 pm (ACI).- Gra\u00e7as a uma descoberta arqueol\u00f3gica, um grupo de cientistas poderia estabelecer como foram as barcas que Jesus usou nos acontecimentos narrados nos Evangelho como o da tempestade ou quando convidou seus ap\u00f3stolos a serem &#8220;pescadores de homens&#8221;. Segundo informou \u2018Christian Media Center\u2019 (CMC), em 1986, uma seca [&hellip;]<\/p>\n","protected":false},"author":1,"featured_media":42949,"comment_status":"open","ping_status":"closed","sticky":false,"template":"","format":"standard","meta":{"footnotes":""},"categories":[4],"tags":[],"class_list":["post-42948","post","type-post","status-publish","format-standard","has-post-thumbnail","hentry","category-cotidiano"],"_links":{"self":[{"href":"https:\/\/catolicanet.net\/wp-cnet\/wp-json\/wp\/v2\/posts\/42948","targetHints":{"allow":["GET"]}}],"collection":[{"href":"https:\/\/catolicanet.net\/wp-cnet\/wp-json\/wp\/v2\/posts"}],"about":[{"href":"https:\/\/catolicanet.net\/wp-cnet\/wp-json\/wp\/v2\/types\/post"}],"author":[{"embeddable":true,"href":"https:\/\/catolicanet.net\/wp-cnet\/wp-json\/wp\/v2\/users\/1"}],"replies":[{"embeddable":true,"href":"https:\/\/catolicanet.net\/wp-cnet\/wp-json\/wp\/v2\/comments?post=42948"}],"version-history":[{"count":1,"href":"https:\/\/catolicanet.net\/wp-cnet\/wp-json\/wp\/v2\/posts\/42948\/revisions"}],"predecessor-version":[{"id":42950,"href":"https:\/\/catolicanet.net\/wp-cnet\/wp-json\/wp\/v2\/posts\/42948\/revisions\/42950"}],"wp:featuredmedia":[{"embeddable":true,"href":"https:\/\/catolicanet.net\/wp-cnet\/wp-json\/wp\/v2\/media\/42949"}],"wp:attachment":[{"href":"https:\/\/catolicanet.net\/wp-cnet\/wp-json\/wp\/v2\/media?parent=42948"}],"wp:term":[{"taxonomy":"category","embeddable":true,"href":"https:\/\/catolicanet.net\/wp-cnet\/wp-json\/wp\/v2\/categories?post=42948"},{"taxonomy":"post_tag","embeddable":true,"href":"https:\/\/catolicanet.net\/wp-cnet\/wp-json\/wp\/v2\/tags?post=42948"}],"curies":[{"name":"wp","href":"https:\/\/api.w.org\/{rel}","templated":true}]}}