{"id":42932,"date":"2018-08-13T15:34:30","date_gmt":"2018-08-13T18:34:30","guid":{"rendered":"http:\/\/catolicanet.net\/wp-cnet\/?p=42932"},"modified":"2018-08-13T15:34:30","modified_gmt":"2018-08-13T18:34:30","slug":"depois-de-110-anos-santissimo-sacramento-volta-as-ruas-no-reino-unido","status":"publish","type":"post","link":"https:\/\/catolicanet.net\/wp-cnet\/depois-de-110-anos-santissimo-sacramento-volta-as-ruas-no-reino-unido\/","title":{"rendered":"Depois de 110 anos Sant\u00edssimo Sacramento volta \u00e0s ruas no Reino Unido"},"content":{"rendered":"<p>Desde 1908 que os cat\u00f3licos da Inglaterra e do Pa\u00eds de Gales n\u00e3o podiam levar o Sant\u00edssimo Sacramento em prociss\u00e3o, por temor de que poderia provocar incidentes, mas \u201choje vivemos em tempos muito diferentes\u201d, explica o bispo auxiliar de Birmingham, Dom Robert Byrne, presidente do \u201cAdoremus\u201d, o Congresso Eucar\u00edstico que ser\u00e1 realizado em Liverpool de 7 a 9 de setembro pr\u00f3ximo.<\/p>\n<p>O encontro ser\u00e1 ocasi\u00e3o para que 5 mil pessoas, junto a todos os l\u00edderes crist\u00e3os de Liverpool, participem da prociss\u00e3o que concluir\u00e1 o Congresso.<\/p>\n<p><strong>Os acontecimentos em 1908<\/strong><\/p>\n<p>Em 1908, o governo do primeiro-ministro liberal Herbert Asquith, temendo desordens, proibiu que o Sant\u00edssimo Sacramento fosse levado em prociss\u00f5es, pois associa\u00e7\u00f5es protestantes mais extremas haviam invocado a legisla\u00e7\u00e3o anticat\u00f3lica.<\/p>\n<p>O rei Eduardo VII acabara de assistir a uma Missa e aquela demonstra\u00e7\u00e3o p\u00fablica do catolicismo acabou gerando uma grave crise que obrigou o ministro do Interior Herbert Gladstone a renunciar.<\/p>\n<p>A Igreja faz parte da sociedade<\/p>\n<p>\u201cHoje vivemos em tempos muito diferentes\u201d \u2013 explica dom Byrne \u2013 \u00a0\u201ca Igreja Cat\u00f3lica \u00e9 parte da sociedade. Sua presen\u00e7a \u00e9 muito mais difundida do que h\u00e1 cem anos e n\u00e3o \u00e9 mais vista como uma amea\u00e7a estrangeira. Todos os l\u00edderes crist\u00e3os de Liverpool caminhar\u00e3o conosco durante a prociss\u00e3o que concluir\u00e1 o Congresso. Atr\u00e1s do Sant\u00edssimo Sacramento, o mesmo banido em 1908\u201d.<\/p>\n<p><strong>Celebrar a f\u00e9<\/strong><\/p>\n<p>\u201cEu sugeri ao Cardeal Vincent Nichols, o primaz cat\u00f3lico, para organizar um Congresso nacional, entre os dois internacionais de 2016 e 2010 como uma oportunidade para os cat\u00f3licos reunirem-se para celebrar sua f\u00e9 e para mostrar ao resto do pa\u00eds todas as coisas positivas que estamos fazendo para o bem comum da sociedade. Nos hospitais, nos projetos em favor dos \u00a0mais pobres e nas escolas de servi\u00e7os, nas periferias como nos pede o Papa Francisco\u201d, contou \u00e0 Ag. Sir o bispo auxiliar de Birmingham.<\/p>\n<p>\u201cDepois dos anos dif\u00edceis dos esc\u00e2ndalos de abusos no passado, podemos agora enviar uma mensagem positiva\u201d.<\/p>\n<p><strong>O programa<\/strong><\/p>\n<p>O Congresso ter\u00e1 in\u00edcio no dia 7 de setembro com simp\u00f3sio de reflex\u00e3o do qual tomar\u00e3o parte cerca de duas mil pessoas, entre professores, catequistas, leigos e padres.<\/p>\n<p>Para o s\u00e1bado, s\u00e3o esperadas at\u00e9 dez mil pessoas para a Missa na \u201cEcho Arena\u201c, em Liverpool, e para ouvir palestrantes como o bispo estadunidense Dom Robert Barron, bastante conhecido no mundo de l\u00edngua Inglesa.<\/p>\n<p>Uma das sess\u00f5es que tem despertado grande interesse \u00e9 aquela dedicada ao documento intitulado \u201cUm p\u00e3o, um corpo\u201d, publicada pelos bispos em 1998.<\/p>\n<p>\u201cProcuramos oferecer um programa o mais amplo poss\u00edvel que responda \u00e0s diversas exig\u00eancias dos fi\u00e9is no campo da liturgia, da m\u00fasica e da catequese. Temos um comit\u00ea de cinco bispos que se re\u00fane regularmente para organizar \u201cAdoremus\u201d, observa.<\/p>\n<p>O Congresso se concluir\u00e1 no domingo com a demonstra\u00e7\u00e3o p\u00fablica de f\u00e9 eucar\u00edstica na prociss\u00e3o com o Sant\u00edssimo Sacramento.<\/p>\n<p>\u201cEste \u00e9 o momento chave do Congresso, quando caminharemos nas ruas de Liverpool por dois quil\u00f4metros, juntamente com cinco mil pessoas\u201d, sublinha Dom Byrne.<\/p>\n<p><strong>Evangelizar uma sociedade sem Deus<\/strong><\/p>\n<p>Uma das necessidades mais importantes da Igreja Cat\u00f3lica da Inglaterra e Gales \u00e9 a evangeliza\u00e7\u00e3o, sublinha o prelado. \u201cVivemos em uma sociedade muito secularizada, sobretudo na Gr\u00e3 Bretanha onde j\u00e1 se esqueceu de Deus. Por detr\u00e1s do programa liberal e tolerante se esconde uma ordem do dia profundamente antirreligiosa. Pretende-se banir a f\u00e9 dos espa\u00e7o p\u00fablicos reduzindo-a a uma atividade privada. A religi\u00e3o organizada desafia o modo de pensar de nossa \u00e9poca.\u201d<\/p>\n<p>\u201cPenso que o mais importante \u00e9 encorajar os participantes na sua f\u00e9 eucar\u00edstica e o \u201cAdoremus\u201d \u00e9 um excelente instrumento para alcan\u00e7ar este objetivo. A Eucaristia \u00e9 a fonte e o \u00e1pice da nossa vida e a maneira pela qual Cristo est\u00e1 presente entre n\u00f3s. Nossa f\u00e9 crist\u00e3 \u00e9 constru\u00edda sobre o relacionamento com Jesus e, atrav\u00e9s da Eucaristia, aprofundamos esse relacionamento\u201d, concluiu o prelado.<\/p>\n<p>&nbsp;<\/p>\n<p>Fonte: CNBB<\/p>\n","protected":false},"excerpt":{"rendered":"<p>Desde 1908 que os cat\u00f3licos da Inglaterra e do Pa\u00eds de Gales n\u00e3o podiam levar o Sant\u00edssimo Sacramento em prociss\u00e3o, por temor de que poderia provocar incidentes, mas \u201choje vivemos em tempos muito diferentes\u201d, explica o bispo auxiliar de Birmingham, Dom Robert Byrne, presidente do \u201cAdoremus\u201d, o Congresso Eucar\u00edstico que ser\u00e1 realizado em Liverpool de [&hellip;]<\/p>\n","protected":false},"author":1,"featured_media":42933,"comment_status":"open","ping_status":"closed","sticky":false,"template":"","format":"standard","meta":{"footnotes":""},"categories":[13],"tags":[],"class_list":["post-42932","post","type-post","status-publish","format-standard","has-post-thumbnail","hentry","category-featured"],"_links":{"self":[{"href":"https:\/\/catolicanet.net\/wp-cnet\/wp-json\/wp\/v2\/posts\/42932","targetHints":{"allow":["GET"]}}],"collection":[{"href":"https:\/\/catolicanet.net\/wp-cnet\/wp-json\/wp\/v2\/posts"}],"about":[{"href":"https:\/\/catolicanet.net\/wp-cnet\/wp-json\/wp\/v2\/types\/post"}],"author":[{"embeddable":true,"href":"https:\/\/catolicanet.net\/wp-cnet\/wp-json\/wp\/v2\/users\/1"}],"replies":[{"embeddable":true,"href":"https:\/\/catolicanet.net\/wp-cnet\/wp-json\/wp\/v2\/comments?post=42932"}],"version-history":[{"count":1,"href":"https:\/\/catolicanet.net\/wp-cnet\/wp-json\/wp\/v2\/posts\/42932\/revisions"}],"predecessor-version":[{"id":42934,"href":"https:\/\/catolicanet.net\/wp-cnet\/wp-json\/wp\/v2\/posts\/42932\/revisions\/42934"}],"wp:featuredmedia":[{"embeddable":true,"href":"https:\/\/catolicanet.net\/wp-cnet\/wp-json\/wp\/v2\/media\/42933"}],"wp:attachment":[{"href":"https:\/\/catolicanet.net\/wp-cnet\/wp-json\/wp\/v2\/media?parent=42932"}],"wp:term":[{"taxonomy":"category","embeddable":true,"href":"https:\/\/catolicanet.net\/wp-cnet\/wp-json\/wp\/v2\/categories?post=42932"},{"taxonomy":"post_tag","embeddable":true,"href":"https:\/\/catolicanet.net\/wp-cnet\/wp-json\/wp\/v2\/tags?post=42932"}],"curies":[{"name":"wp","href":"https:\/\/api.w.org\/{rel}","templated":true}]}}