{"id":42921,"date":"2018-08-13T15:01:01","date_gmt":"2018-08-13T18:01:01","guid":{"rendered":"http:\/\/catolicanet.net\/wp-cnet\/?p=42921"},"modified":"2018-08-13T15:01:01","modified_gmt":"2018-08-13T18:01:01","slug":"deus-nos-alimenta-por-amor","status":"publish","type":"post","link":"https:\/\/catolicanet.net\/wp-cnet\/deus-nos-alimenta-por-amor\/","title":{"rendered":"Deus nos alimenta por amor"},"content":{"rendered":"<p>No cap\u00edtulo 6 do Evangelho de S\u00e3o Jo\u00e3o, j\u00e1 no seu in\u00edcio, vemos o milagre da multiplica\u00e7\u00e3o dos p\u00e3es. Em seguida, na continua\u00e7\u00e3o do texto, logo \u00e9 indicada a revela\u00e7\u00e3o do verdadeiro sentido dos sinais divinos do Filho de Deus, contemplando-o como o p\u00e3o vivo descido do c\u00e9u e que d\u00e1 vida ao mundo.<\/p>\n<p>&nbsp;<\/p>\n<p>Sempre na minha vida de sacerdote, agora rendendo gra\u00e7as ao bom Deus pelos 30 anos (14\/08\/2018), guardei o inquestion\u00e1vel sentido metaf\u00f3rico do bom pelicano do deserto, jamais me esquecendo do bel\u00edssimo coment\u00e1rio de S\u00e3o Jer\u00f4nimo: \u201cSou como um pelicano do deserto, aquele p\u00e1ssaro bom que fustiga o peito e alimenta com o pr\u00f3prio sangue os seus filhos\u201d.<\/p>\n<p>&nbsp;<\/p>\n<p>Quanta simbologia, manifestada na radical obedi\u00eancia e entrega do Filho de Deus! Essa obedi\u00eancia nos convida, com Ele, a nos configurar, deixando claro que temos de abra\u00e7ar o indiz\u00edvel mist\u00e9rio, evidentemente numa atitude totalmente solid\u00e1ria, deixando-nos conduzir pelo Esp\u00edrito de Deus, a apontar o caminho da gl\u00f3ria.<\/p>\n<p>&nbsp;<\/p>\n<p>Deus nos convida a sermos instrumentos do seu projeto de amor, nunca virando as costas aos que o procuram, cumulando-os das gra\u00e7as necess\u00e1rias para a caminhada do dia a dia, quando se experimenta a do\u00e7ura da Eucaristia. \u00c9 Deus sempre conosco, atraindo-nos com infinita miseric\u00f3rdia, a ponto de propiciar-nos acolhida e conv\u00edvio, sobretudo convencendo-nos do futuro, que ser\u00e1 na plenitude eterna.<\/p>\n<p>&nbsp;<\/p>\n<p>Com o fogo do amor de Deus, no alimento eucar\u00edstico, \u00e9 poss\u00edvel perceber os sinais do Reino de Deus j\u00e1 aqui na terra, no seguimento de Jesus de Nazar\u00e9, contudo em um desejo ardoroso de colocar lenha na fogueira desse mesmo amor, para que o fogo, aceso por Cristo, possa arder sempre e cada vez mais no nosso mundo.<\/p>\n<p>&nbsp;<\/p>\n<p>Jesus faz-se alimento no deserto da vida humana; ele \u00e9 o enviado do Pai, comprometido com o alimento dos seus irm\u00e3os em peregrina\u00e7\u00e3o, dando-lhes for\u00e7a para superar todos os percal\u00e7os, inerentes \u00e0 vida e \u00e0 miss\u00e3o. Ensina-nos que a verdadeira solidariedade se ratifica somente quando n\u00e3o se espera nada em troca, ou seja, na certeza de que a recompensa vem de Deus, no alimento capaz de nos tornar incans\u00e1veis, al\u00e9m de nos vivificar e nos fortalecer diante dos desafios da vida. Am\u00e9m!<\/p>\n","protected":false},"excerpt":{"rendered":"<p>No cap\u00edtulo 6 do Evangelho de S\u00e3o Jo\u00e3o, j\u00e1 no seu in\u00edcio, vemos o milagre da multiplica\u00e7\u00e3o dos p\u00e3es. Em seguida, na continua\u00e7\u00e3o do texto, logo \u00e9 indicada a revela\u00e7\u00e3o do verdadeiro sentido dos sinais divinos do Filho de Deus, contemplando-o como o p\u00e3o vivo descido do c\u00e9u e que d\u00e1 vida ao mundo. &nbsp; [&hellip;]<\/p>\n","protected":false},"author":6,"featured_media":32779,"comment_status":"open","ping_status":"closed","sticky":false,"template":"","format":"standard","meta":{"footnotes":""},"categories":[9],"tags":[],"class_list":["post-42921","post","type-post","status-publish","format-standard","has-post-thumbnail","hentry","category-artigos"],"_links":{"self":[{"href":"https:\/\/catolicanet.net\/wp-cnet\/wp-json\/wp\/v2\/posts\/42921","targetHints":{"allow":["GET"]}}],"collection":[{"href":"https:\/\/catolicanet.net\/wp-cnet\/wp-json\/wp\/v2\/posts"}],"about":[{"href":"https:\/\/catolicanet.net\/wp-cnet\/wp-json\/wp\/v2\/types\/post"}],"author":[{"embeddable":true,"href":"https:\/\/catolicanet.net\/wp-cnet\/wp-json\/wp\/v2\/users\/6"}],"replies":[{"embeddable":true,"href":"https:\/\/catolicanet.net\/wp-cnet\/wp-json\/wp\/v2\/comments?post=42921"}],"version-history":[{"count":1,"href":"https:\/\/catolicanet.net\/wp-cnet\/wp-json\/wp\/v2\/posts\/42921\/revisions"}],"predecessor-version":[{"id":42922,"href":"https:\/\/catolicanet.net\/wp-cnet\/wp-json\/wp\/v2\/posts\/42921\/revisions\/42922"}],"wp:featuredmedia":[{"embeddable":true,"href":"https:\/\/catolicanet.net\/wp-cnet\/wp-json\/wp\/v2\/media\/32779"}],"wp:attachment":[{"href":"https:\/\/catolicanet.net\/wp-cnet\/wp-json\/wp\/v2\/media?parent=42921"}],"wp:term":[{"taxonomy":"category","embeddable":true,"href":"https:\/\/catolicanet.net\/wp-cnet\/wp-json\/wp\/v2\/categories?post=42921"},{"taxonomy":"post_tag","embeddable":true,"href":"https:\/\/catolicanet.net\/wp-cnet\/wp-json\/wp\/v2\/tags?post=42921"}],"curies":[{"name":"wp","href":"https:\/\/api.w.org\/{rel}","templated":true}]}}