{"id":42919,"date":"2018-08-13T14:53:00","date_gmt":"2018-08-13T17:53:00","guid":{"rendered":"http:\/\/catolicanet.net\/wp-cnet\/?p=42919"},"modified":"2018-08-13T14:53:00","modified_gmt":"2018-08-13T17:53:00","slug":"cuidar-do-templo-da-santissima-trindade","status":"publish","type":"post","link":"https:\/\/catolicanet.net\/wp-cnet\/cuidar-do-templo-da-santissima-trindade\/","title":{"rendered":"Cuidar do Templo da Sant\u00edssima Trindade"},"content":{"rendered":"<p>Quando se penetra na antropologia b\u00edblica se verifica que o corpo humano \u00e9 considerando \u201cmembro de Cristo (1 Cor 6,15), santu\u00e1rio do Esp\u00edrito Santo (1 Cor 6,19). T\u00edtulos que mostram a dignidade do batizado, o qual criado \u00e0 imagem e semelhan\u00e7a de Deus (G\u00ean 1,26), atrav\u00e9s do Sacramento do Batismo se torna a morada da Trindade Santa. Cristo foi claro: \u201cSe algu\u00e9m me ama, meu Pai o amar\u00e1, viremos a ele e faremos nele nossa morada\u201d (Jo 14,26). Isso se d\u00e1 atrav\u00e9s da gra\u00e7a santificante. Um dos artigos do Credo leva a crer na \u201cressurrei\u00e7\u00e3o dos corpos\u201d. Para quem tem f\u00e9 h\u00e1 uma verdadeira teologia do corpo. Ali\u00e1s, o pr\u00f3prio Filho de Deus n\u00e3o hesitou em se encarnar: \u201cO Verbo se fez carne e habitou entre n\u00f3s\u201d (Jo 1,14). Adite-se que a nobreza do ser humano \u00e9 tal que Deus o reconciliou pelo corpo f\u00edsico de Cristo, mediante a morte, para apresent\u00e1-lo diante dele santo, sem mancha e inculp\u00e1vel (1 Col 1,22), Ainda aqui na terra, o corpo guarda sua mis\u00e9ria terrestre e pecadora, mas est\u00e1 potencialmente destinado a ser conforme ao corpo glorioso de Jesus (Fil 3,21), tornando-se um corpo espiritual\u201d (Cl 15,44). N\u00e3o se pode, portanto, negligenciar a vida corporal. Eis porque cumpre evitar tudo que possa comprometer a sa\u00fade f\u00edsica. Numa cultura, por\u00e9m, do <em>fast food<\/em> muitos s\u00e3o levados a desprezar um conveniente regime alimentar que contribua para evitar os males que prejudicam o bem-estar corporal. Grande a influ\u00eancia da propaganda levando a uma alimenta\u00e7\u00e3o prejudicial num comportamento lesivo ao bom funcionamento org\u00e2nico. Isto impede h\u00e1bitos alimentares adequados. O marketing da ind\u00fastria aliment\u00edcia ocasiona um aumento de doen\u00e7as epid\u00eamicas acarretadas pela obesidade e seus agravantes. O importante \u00e9 vender algum produto e os mais variados meios de comunica\u00e7\u00e3o s\u00e3o empregados para convencer os incautos que descuidam de uma educa\u00e7\u00e3o nutritiva de qualidade. Descuida-se, ent\u00e3o, do valor nutricional do alimento e o que se propaga pode conter na sua composi\u00e7\u00e3o quantidades excessiva de gorduras, a\u00e7\u00facares e calorias. Isto diminui a longevidade. Uma das raz\u00f5es pelas quais se diminuem os anos de vida \u00e9 a presen\u00e7a de uma quantidade indesej\u00e1vel do fator de crescimento insul\u00ednico tipo 1 no sangue. Falta muitas vezes o cuidado de se ater ao c\u00e2none dos antioxidantes, preterindo as verduras; o peixe, sobretudo o salm\u00e3o, o atum e a sardinha; as frutas e frutos secos, os cereais que obstam o envelhecimento prematuro do organismo humano.\u00a0 Adite-se que os bons nutricionistas recomendam um kit de oleaginosas como algumas unidades da castanha do Par\u00e1, da castanha de caju, de am\u00eandoas ou nozes sem sal, colheres de Cranberry ou de semente de ab\u00f3bora. \u00c9 necess\u00e1ria uma alimenta\u00e7\u00e3o bem controlada para se ter um bom equil\u00edbrio corporal \u00e9 importante evitar as preocupa\u00e7\u00f5es, tendo um cora\u00e7\u00e3o tranquilo. \u00c9 sabedoria b\u00edblica n\u00e3o criar problemas. \u00a0O salmista aconselha: \u201cGuarda-te da ira, dep\u00f5e o furor, n\u00e3o te exasperes, que ser\u00e1 um mal\u201d (Sl 36,8). Nem se pode esquecer do valor dos exerc\u00edcios f\u00edsicos para a sa\u00fade, o contato com a natureza atrav\u00e9s de uma caminhada em locais apraz\u00edveis e bom relacionamento com as pessoas com as quais se convive, cultivando as amizades que enriquecem\u00a0 o esp\u00edrito num ambiente de coopera\u00e7\u00e3o m\u00fatua. \u00a0Enfim, combater a agita\u00e7\u00e3o, a pressa, planejando as a\u00e7\u00f5es di\u00e1rias o que impede a afoba\u00e7\u00e3o t\u00e3o prejudicial ao corpo e ao esp\u00edrito. A motiva\u00e7\u00e3o \u00e9 essencial para vive no peso ideal. O autocontrole \u00e9 condi\u00e7\u00e3o de sucesso que n\u00e3o cabe somente ao nutricionista. \u00c9 um ledo engano sair de esquema alimentar nos fins de semana, nos feriados ou em festas sociais. For\u00e7a de vontade para recusar tudo aquilo que o organismo n\u00e3o necessita. Tudo \u00e9 quest\u00e3o de reeduca\u00e7\u00e3o. Cuidado especial se deve ter nos momentos de t\u00e9dio, aborrecimento ou nervosismo, procurando encontrar na alimenta\u00e7\u00e3o um tranquilizante que n\u00e3o existe. Assim com uma alimenta\u00e7\u00e3o equilibrada, bem distribu\u00edda durante o dia, o crist\u00e3o cuida do seu corpo, templo da Sant\u00edssima Trindade.<\/p>\n","protected":false},"excerpt":{"rendered":"<p>Quando se penetra na antropologia b\u00edblica se verifica que o corpo humano \u00e9 considerando \u201cmembro de Cristo (1 Cor 6,15), santu\u00e1rio do Esp\u00edrito Santo (1 Cor 6,19). T\u00edtulos que mostram a dignidade do batizado, o qual criado \u00e0 imagem e semelhan\u00e7a de Deus (G\u00ean 1,26), atrav\u00e9s do Sacramento do Batismo se torna a morada da [&hellip;]<\/p>\n","protected":false},"author":7,"featured_media":32782,"comment_status":"open","ping_status":"closed","sticky":false,"template":"","format":"standard","meta":{"footnotes":""},"categories":[9],"tags":[],"class_list":["post-42919","post","type-post","status-publish","format-standard","has-post-thumbnail","hentry","category-artigos"],"_links":{"self":[{"href":"https:\/\/catolicanet.net\/wp-cnet\/wp-json\/wp\/v2\/posts\/42919","targetHints":{"allow":["GET"]}}],"collection":[{"href":"https:\/\/catolicanet.net\/wp-cnet\/wp-json\/wp\/v2\/posts"}],"about":[{"href":"https:\/\/catolicanet.net\/wp-cnet\/wp-json\/wp\/v2\/types\/post"}],"author":[{"embeddable":true,"href":"https:\/\/catolicanet.net\/wp-cnet\/wp-json\/wp\/v2\/users\/7"}],"replies":[{"embeddable":true,"href":"https:\/\/catolicanet.net\/wp-cnet\/wp-json\/wp\/v2\/comments?post=42919"}],"version-history":[{"count":1,"href":"https:\/\/catolicanet.net\/wp-cnet\/wp-json\/wp\/v2\/posts\/42919\/revisions"}],"predecessor-version":[{"id":42920,"href":"https:\/\/catolicanet.net\/wp-cnet\/wp-json\/wp\/v2\/posts\/42919\/revisions\/42920"}],"wp:featuredmedia":[{"embeddable":true,"href":"https:\/\/catolicanet.net\/wp-cnet\/wp-json\/wp\/v2\/media\/32782"}],"wp:attachment":[{"href":"https:\/\/catolicanet.net\/wp-cnet\/wp-json\/wp\/v2\/media?parent=42919"}],"wp:term":[{"taxonomy":"category","embeddable":true,"href":"https:\/\/catolicanet.net\/wp-cnet\/wp-json\/wp\/v2\/categories?post=42919"},{"taxonomy":"post_tag","embeddable":true,"href":"https:\/\/catolicanet.net\/wp-cnet\/wp-json\/wp\/v2\/tags?post=42919"}],"curies":[{"name":"wp","href":"https:\/\/api.w.org\/{rel}","templated":true}]}}