{"id":42907,"date":"2018-08-13T14:21:47","date_gmt":"2018-08-13T17:21:47","guid":{"rendered":"http:\/\/catolicanet.net\/wp-cnet\/?p=42907"},"modified":"2018-08-13T14:21:47","modified_gmt":"2018-08-13T17:21:47","slug":"eles-estao-voltando","status":"publish","type":"post","link":"https:\/\/catolicanet.net\/wp-cnet\/eles-estao-voltando\/","title":{"rendered":"Eles est\u00e3o voltando"},"content":{"rendered":"<p>Engana-se quem pensa ser esse artigo refer\u00eancia a extraterrestres ou alguma invas\u00e3o russa, alem\u00e3 ou chinesa. Estranhos ao nosso ninho sempre voltam. Na\u00e7\u00f5es que se sentem invadidas de uma forma ou de outra sempre existiram. Pessoas antenadas com o mundo, preocupadas com o seu ou inseguras com a diplomacia entre vizinhos, ah! somos muitos. Mas quem s\u00e3o eles, os que voltam? Os homens! Aqueles mesmos que juravam nunca fazer parte do time em quest\u00e3o, da pieguice reinante, do alarido dos suplicantes, do choror\u00f4 das mulheres. Igreja? Isso \u00e9 coisa para as nossas beatas.<\/p>\n<p>Em plena semana da fam\u00edlia, logo ap\u00f3s um festivo Dia dos Pais, trago a p\u00fablico essa novidade: os homens, quando n\u00e3o maioria, j\u00e1 se igualam \u00e0s mulheres nas participa\u00e7\u00f5es das atividades religiosas. Dentro, sim, do catolicismo. Cresceu efusivamente o n\u00famero de homens nas a\u00e7\u00f5es lit\u00fargicas e pastorais da Igreja, constatam algumas par\u00f3quias. Novenas e cultos j\u00e1 n\u00e3o s\u00e3o exclusividade feminina. Um bom exemplo \u00e9 o fen\u00f4meno do Ter\u00e7o dos Homens, al\u00e9m do maior engajamento masculino com pastorais e minist\u00e9rios. Igualmente na catequese e nos movimentos familiares, a participa\u00e7\u00e3o dos homens tem sido notada com maior intensidade e, o que \u00e9 mais positivo, sem preconceitos ou desmerecimento de seus c\u00edrculos sociais ou mesmo familiares. De fato, eles est\u00e3o voltando!<\/p>\n<p>Essa quest\u00e3o abre um leque de debates, aos quais sempre associam a religiosidade feminina \u00e0 sua fidelidade aos ritos e normas da igreja que frequenta. Da\u00ed a conclus\u00e3o de serem as mulheres muito mais religiosas do que seus parceiros. Da\u00ed tamb\u00e9m a crescente inquieta\u00e7\u00e3o de grupos feministas por n\u00e3o se sentirem valorizadas como deveriam na a\u00e7\u00e3o ministerial e no trabalho evangelizador mais efetivo, o que sempre gera diverg\u00eancias e cr\u00edticas. Neste aspecto, h\u00e1 de se concordar que o fundamento crist\u00e3o foi um movimento estritamente machista, j\u00e1 que doutrina, a\u00e7\u00e3o mission\u00e1ria e proselitismo do primeiro an\u00fancio foi historicamente obra de ap\u00f3stolos e doutrinadores discipulados pelo pr\u00f3prio mestre. \u00c0s mulheres se reservou a retaguarda da obra. H\u00e1 algum preconceito de g\u00eanero nessa constata\u00e7\u00e3o? Nenhum, se considerarmos o machismo deliberado daquela \u00e9poca.<\/p>\n<p>Hoje, homens e mulheres tem os mesmos espa\u00e7os. Caminham juntos na vida e na f\u00e9. Essa descoberta est\u00e1 preenchendo um vazio deixado pelo inconformismo e comodismo da vida moderna, s\u00f3 plenamente satisfeito quando se deixam transformar por uma espiritualidade aut\u00eantica. Muitos homens est\u00e3o descobrindo isso. S\u00f3 a religi\u00e3o e a pr\u00e1tica desta faz os milagres que desejam. S\u00f3 a vida familiar e comunit\u00e1ria afasta os malef\u00edcios de uma sociedade sem Deus, sem f\u00e9. Isso qualquer cora\u00e7\u00e3o sens\u00edvel \u00e9 capaz de perceber e compreender. Portanto, acima da intelig\u00eancia que pensavam ser machista, est\u00e1 a sensibilidade dos que se julgam inteligentes, poderosos, donos das verdades e das r\u00e9deas de comando. O homem de f\u00e9 abandona essas r\u00e9deas. N\u00e3o precisa necessariamente da voz autorit\u00e1ria que o fazia senhor e diretor, mas de uma autoridade submissa \u00e0 voz de sua consci\u00eancia. E esta j\u00e1 se submete ao comando maior de suas vidas, Aquele de quem flui toda sabedoria, o Pai de todas as coisas.<\/p>\n<p>Bem apropriado o apelo do Papa Francisco aos jovens (que tamb\u00e9m est\u00e3o voltando) reunidos em Roma nesse dia dos Pais. Lembrando S\u00e3o Humberto Urtado, convidou a todos que refazem os mil caminhos at\u00e9 Roma e retornarem seus passos em dire\u00e7\u00e3o ao mundo, suas casas, suas fam\u00edlias. Homens, mulheres e jovens, lembrem-se o que o santo nos diz: \u201c\u00c9 bom n\u00e3o fazer o mal, mas \u00e9 mal n\u00e3o fazer o bem\u201d.<\/p>\n","protected":false},"excerpt":{"rendered":"<p>Engana-se quem pensa ser esse artigo refer\u00eancia a extraterrestres ou alguma invas\u00e3o russa, alem\u00e3 ou chinesa. Estranhos ao nosso ninho sempre voltam. Na\u00e7\u00f5es que se sentem invadidas de uma forma ou de outra sempre existiram. Pessoas antenadas com o mundo, preocupadas com o seu ou inseguras com a diplomacia entre vizinhos, ah! somos muitos. Mas [&hellip;]<\/p>\n","protected":false},"author":17,"featured_media":32776,"comment_status":"open","ping_status":"closed","sticky":false,"template":"","format":"standard","meta":{"footnotes":""},"categories":[9],"tags":[],"class_list":["post-42907","post","type-post","status-publish","format-standard","has-post-thumbnail","hentry","category-artigos"],"_links":{"self":[{"href":"https:\/\/catolicanet.net\/wp-cnet\/wp-json\/wp\/v2\/posts\/42907","targetHints":{"allow":["GET"]}}],"collection":[{"href":"https:\/\/catolicanet.net\/wp-cnet\/wp-json\/wp\/v2\/posts"}],"about":[{"href":"https:\/\/catolicanet.net\/wp-cnet\/wp-json\/wp\/v2\/types\/post"}],"author":[{"embeddable":true,"href":"https:\/\/catolicanet.net\/wp-cnet\/wp-json\/wp\/v2\/users\/17"}],"replies":[{"embeddable":true,"href":"https:\/\/catolicanet.net\/wp-cnet\/wp-json\/wp\/v2\/comments?post=42907"}],"version-history":[{"count":1,"href":"https:\/\/catolicanet.net\/wp-cnet\/wp-json\/wp\/v2\/posts\/42907\/revisions"}],"predecessor-version":[{"id":42908,"href":"https:\/\/catolicanet.net\/wp-cnet\/wp-json\/wp\/v2\/posts\/42907\/revisions\/42908"}],"wp:featuredmedia":[{"embeddable":true,"href":"https:\/\/catolicanet.net\/wp-cnet\/wp-json\/wp\/v2\/media\/32776"}],"wp:attachment":[{"href":"https:\/\/catolicanet.net\/wp-cnet\/wp-json\/wp\/v2\/media?parent=42907"}],"wp:term":[{"taxonomy":"category","embeddable":true,"href":"https:\/\/catolicanet.net\/wp-cnet\/wp-json\/wp\/v2\/categories?post=42907"},{"taxonomy":"post_tag","embeddable":true,"href":"https:\/\/catolicanet.net\/wp-cnet\/wp-json\/wp\/v2\/tags?post=42907"}],"curies":[{"name":"wp","href":"https:\/\/api.w.org\/{rel}","templated":true}]}}