{"id":42898,"date":"2018-08-10T14:26:07","date_gmt":"2018-08-10T17:26:07","guid":{"rendered":"http:\/\/catolicanet.net\/wp-cnet\/?p=42898"},"modified":"2018-08-10T14:26:07","modified_gmt":"2018-08-10T17:26:07","slug":"papa-aos-cavaleiros-de-colombo-caridade-e-evangelho-da-familia","status":"publish","type":"post","link":"https:\/\/catolicanet.net\/wp-cnet\/papa-aos-cavaleiros-de-colombo-caridade-e-evangelho-da-familia\/","title":{"rendered":"Papa aos cavaleiros de Colombo: caridade e Evangelho da fam\u00edlia"},"content":{"rendered":"<div class=\"article__subTitle\">Na mensagem, Francisco \u201cencoraja os esfor\u00e7os perseverantes dos cavaleiros de Colombo, em todos os n\u00edveis, para testemunhar o amor de Deus atrav\u00e9s do amor concreto e a solidariedade para com os pobres e os necessitados\u201d.<\/div>\n<div class=\"title__separator\"><\/div>\n<div class=\"article__text\">\n<p><b>Cidade do Vaticano<\/b><\/p>\n<p>O Papa Francisco renovou aos cavaleiros de Colombo, por ocasi\u00e3o da conven\u00e7\u00e3o anual deles realizada nos dias 7 a 9 de agosto em Baltimor, nos EUA, gratid\u00e3o pelo compromisso em \u201cproclamar o Evangelho da fam\u00edlia\u201d \u2013 \u00e0s v\u00e9speras do encontro mundial de Dublin \u2013 e pelo apoio aos crist\u00e3os do Oriente M\u00e9dio que \u201csuportam preconceitos e persegui\u00e7\u00f5es por causa de sua f\u00e9\u201d.<\/p>\n<div>\n<div class=\"article__embed article__embed--unwrap article__embed--dark\">\n<div class=\"article__innerTitle\">Por sociedade fraterna mediante a forma\u00e7\u00e3o crist\u00e3<\/div>\n<!--[if lt IE 9]><script>document.createElement('audio');<\/script><![endif]-->\n<audio class=\"wp-audio-shortcode\" id=\"audio-42898-1\" preload=\"none\" style=\"width: 100%;\" controls=\"controls\"><source type=\"audio\/mpeg\" src=\"https:\/\/media.vaticannews.va\/media\/audio\/s1\/2018\/8\/9\/18\/134571618_F134571618.mp3?_=1\" \/><a href=\"https:\/\/media.vaticannews.va\/media\/audio\/s1\/2018\/8\/9\/18\/134571618_F134571618.mp3\">https:\/\/media.vaticannews.va\/media\/audio\/s1\/2018\/8\/9\/18\/134571618_F134571618.mp3<\/a><\/audio>\n<\/div>\n<\/div>\n<p>Dois mil herdeiros espirituais do Vener\u00e1vel Pe. Michael McGivney \u2013 representando os quase dois milh\u00f5es hoje presentes no mundo inteiro \u2013 se reuniram pela 136\u00aa vez na arquidiocese primacial estadunidense, escolhendo este ano como lema \u201cCavaleiros de caridade\u201d.<\/p>\n<h2><b>Uni\u00e3o insepar\u00e1vel de f\u00e9 e caridade<\/b><\/h2>\n<p>Numa mensagem em ingl\u00eas ao cavaleiro supremo Carl A. Anderson \u2013 assinada pelo cardeal secret\u00e1rio de Estado Pietro Parolin \u2013, o Pont\u00edfice evoca o carisma fundacional e a admir\u00e1vel hist\u00f3ria da ordem, com \u201ca uni\u00e3o insepar\u00e1vel de f\u00e9 e caridade\u201d que levou os primeiros cavaleiros a trabalhar por uma sociedade fraterna atrav\u00e9s da forma\u00e7\u00e3o crist\u00e3 e o apoio rec\u00edproco dos membros.<\/p>\n<p>Uma realidade ainda atual, observa a mensagem pontif\u00edcia, visto que em nossos dias, o Santo Padre pede a toda a Igreja uma renovada consci\u00eancia da \u201cnossa responsabilidade de ser cust\u00f3dios uns dos outros e de viver concretamente a f\u00e9 que se expressa atrav\u00e9s do amor\u201d.<\/p>\n<h2><b>Solicitude pelos mais pequeninos dos irm\u00e3os e irm\u00e3s<\/b><\/h2>\n<p>E ao faz\u00ea-lo, mediante a recente exorta\u00e7\u00e3o apost\u00f3lica sobre o chamado \u00e0 santidade, \u201cFrancisco fala das bem-aventuran\u00e7as como \u201ccarta de identidade\u201d que mostra que somos verdadeiros seguidores de Cristo\u201d. Ademais, \u201cnelas est\u00e1 delineado o rosto do Mestre, que somos chamados a deixar transparecer no dia-a-dia da nossa vida\u201d (<i>Gaudete et Exsultate<\/i>, 63), de modo especial atrav\u00e9s da amorosa solicitude pelo menor dos irm\u00e3os e das irm\u00e3s.<\/p>\n<p>\u201cOs grandes santos, cuja imita\u00e7\u00e3o de Cristo continua nos inspirando, uniam diariamente f\u00e9, ora\u00e7\u00e3o e caridade pr\u00e1tica\u201d \u2013 prossegue a mensagem.<\/p>\n<h2><b>Solidariedade para com os pobres e necessitados<\/b><\/h2>\n<p>Por esse motivo, o Papa \u201cencoraja os esfor\u00e7os perseverantes dos cavaleiros de Colombo, em todos os n\u00edveis, para testemunhar o amor de Deus atrav\u00e9s do amor concreto e a solidariedade para com os pobres e os necessitados\u201d.<\/p>\n<p>Da\u00ed, o enaltecimento pelos \u201cin\u00fameros atos de caridade praticados habitualmente de modo silencioso\u201d pelos membros dos Conselhos \u2013 as articula\u00e7\u00f5es locais da ordem \u2013 que \u201cmostram a verdade das palavras de madre Teresa de Calcut\u00e1\u201d: Deus \u201cabaixa-Se e serve-Se de n\u00f3s, de ti e de mim, para sermos o seu amor e a sua compaix\u00e3o no mundo&#8230; Ele depende de n\u00f3s para amar o mundo e demonstrar-lhe o muito que o ama\u201d (<i>Gaudete et Exsultate<\/i>, 107).<\/p>\n<h2><b>Iniciativas tragam frutos de uma caridade criativa<\/b><\/h2>\n<p>Com a esperan\u00e7a expressa pelo Pont\u00edfice de que o programa dos cavaleiros \u201cF\u00e9 na a\u00e7\u00e3o\u201d, acompanhada da outra iniciativa \u201cAjudar as m\u00e3os\u201d, tragam os frutos de uma caridade criativa sempre mais apta \u00e0s novas formas de pobreza e de necessidade humana que emergem na sociedade atual.<\/p>\n<p>Em particular, a mensagem faz refer\u00eancia \u00e0s fam\u00edlias: efetivamente, ao tempo em que se prepara para ir \u00e0 Irlanda para o encontro mundial, o Papa agradece aos cavaleiros de Colombo do mundo inteiro pelo encorajamento deles \u201caos homens em sua voca\u00e7\u00e3o de maridos e pais cat\u00f3licos e a defesa deles \u00e0 aut\u00eantica natureza do matrim\u00f4nio e da fam\u00edlia no seio da sociedade\u201d.<\/p>\n<p>E faz votos de que eles continuem sendo guia sobretudo para os jovens, \u201cque num mundo repleto de luzes contr\u00e1rias ao Evangelho, buscam permanecer fi\u00e9is disc\u00edpulos de Cristo e fi\u00e9is filhos da Igreja\u201d.<\/p>\n<h2><b>Caridade em prol dos crist\u00e3os perseguidos no Oriente M\u00e9dio<\/b><\/h2>\n<p>Por fim, Francisco louva a caridade da ordem \u201cem favor dos nossos irm\u00e3os e irm\u00e3s\u201d crist\u00e3os perseguidos no Oriente M\u00e9dio e pede que continuem rezando pela paz na regi\u00e3o, a convers\u00e3o dos cora\u00e7\u00f5es, o di\u00e1logo e a justa resolu\u00e7\u00e3o dos conflitos.<\/p>\n<p>&nbsp;<\/p>\n<\/div>\n<p>Fonte: R\u00e1dio Vaticano<\/p>\n","protected":false},"excerpt":{"rendered":"<p>Na mensagem, Francisco \u201cencoraja os esfor\u00e7os perseverantes dos cavaleiros de Colombo, em todos os n\u00edveis, para testemunhar o amor de Deus atrav\u00e9s do amor concreto e a solidariedade para com os pobres e os necessitados\u201d. Cidade do Vaticano O Papa Francisco renovou aos cavaleiros de Colombo, por ocasi\u00e3o da conven\u00e7\u00e3o anual deles realizada nos dias [&hellip;]<\/p>\n","protected":false},"author":1,"featured_media":42899,"comment_status":"open","ping_status":"closed","sticky":false,"template":"","format":"standard","meta":{"footnotes":""},"categories":[13],"tags":[],"class_list":["post-42898","post","type-post","status-publish","format-standard","has-post-thumbnail","hentry","category-featured"],"_links":{"self":[{"href":"https:\/\/catolicanet.net\/wp-cnet\/wp-json\/wp\/v2\/posts\/42898","targetHints":{"allow":["GET"]}}],"collection":[{"href":"https:\/\/catolicanet.net\/wp-cnet\/wp-json\/wp\/v2\/posts"}],"about":[{"href":"https:\/\/catolicanet.net\/wp-cnet\/wp-json\/wp\/v2\/types\/post"}],"author":[{"embeddable":true,"href":"https:\/\/catolicanet.net\/wp-cnet\/wp-json\/wp\/v2\/users\/1"}],"replies":[{"embeddable":true,"href":"https:\/\/catolicanet.net\/wp-cnet\/wp-json\/wp\/v2\/comments?post=42898"}],"version-history":[{"count":1,"href":"https:\/\/catolicanet.net\/wp-cnet\/wp-json\/wp\/v2\/posts\/42898\/revisions"}],"predecessor-version":[{"id":42900,"href":"https:\/\/catolicanet.net\/wp-cnet\/wp-json\/wp\/v2\/posts\/42898\/revisions\/42900"}],"wp:featuredmedia":[{"embeddable":true,"href":"https:\/\/catolicanet.net\/wp-cnet\/wp-json\/wp\/v2\/media\/42899"}],"wp:attachment":[{"href":"https:\/\/catolicanet.net\/wp-cnet\/wp-json\/wp\/v2\/media?parent=42898"}],"wp:term":[{"taxonomy":"category","embeddable":true,"href":"https:\/\/catolicanet.net\/wp-cnet\/wp-json\/wp\/v2\/categories?post=42898"},{"taxonomy":"post_tag","embeddable":true,"href":"https:\/\/catolicanet.net\/wp-cnet\/wp-json\/wp\/v2\/tags?post=42898"}],"curies":[{"name":"wp","href":"https:\/\/api.w.org\/{rel}","templated":true}]}}