{"id":42889,"date":"2018-08-10T11:03:53","date_gmt":"2018-08-10T14:03:53","guid":{"rendered":"http:\/\/catolicanet.net\/wp-cnet\/?p=42889"},"modified":"2018-08-10T11:03:53","modified_gmt":"2018-08-10T14:03:53","slug":"familia-como-um-dom-de-deus-e-uma-riqueza-para-o-mundo-para-a-humanidade-toda-diz-o-dom-bosco","status":"publish","type":"post","link":"https:\/\/catolicanet.net\/wp-cnet\/familia-como-um-dom-de-deus-e-uma-riqueza-para-o-mundo-para-a-humanidade-toda-diz-o-dom-bosco\/","title":{"rendered":"\u201cFam\u00edlia como um dom de Deus \u00e9 uma riqueza para o mundo, para a humanidade toda, diz o dom Bosco"},"content":{"rendered":"<p>Neste domingo, 12 de agosto, a Igreja no Brasil inicia a 27\u00aa edi\u00e7\u00e3o da Semana Nacional da Fam\u00edlia (SNF), que tem como tema \u201cO Evangelho da Fam\u00edlia, alegria para o mundo\u201d, a mesma tem\u00e1tica do IX Encontro Mundial das Fam\u00edlias com o Papa Francisco, que acontece de 22 a 26 de agosto, em Dublin, na Irlanda,\u00a0.<\/p>\n<div id=\"attachment_2389\" class=\"wp-caption alignleft\"><img loading=\"lazy\" decoding=\"async\" class=\"wp-image-2389 \" src=\"http:\/\/www.cnbb.org.br\/wp-content\/uploads\/sites\/32\/2017\/05\/domjoaobosco-1-300x198.png\" srcset=\"http:\/\/www.cnbb.org.br\/wp-content\/uploads\/sites\/32\/2017\/05\/domjoaobosco-1-300x198.png 300w, http:\/\/www.cnbb.org.br\/wp-content\/uploads\/sites\/32\/2017\/05\/domjoaobosco-1.png 486w\" alt=\"\" width=\"331\" height=\"219\" \/><\/p>\n<p class=\"wp-caption-text\"><em>Reprodu\u00e7\u00e3o: A12.com<\/em><\/p>\n<\/div>\n<p>O bispo de Osasco (SP) e presidente da Comiss\u00e3o Episcopal Pastoral para a Vida e a Fam\u00edlia da Confer\u00eancia Nacional dos Bispos do Brasil (CNBB), dom Jo\u00e3o Bosco Barbosa de Sousa, explica que: \u201co tema ressalta o lado positivo da Fam\u00edlia como um dom de Deus e que n\u00e3o \u00e9 apenas um aspecto da doutrina, um valor para os crist\u00e3os ou para as pessoas religiosas. \u00c9 uma riqueza para o mundo, para a humanidade toda\u201d.<\/p>\n<p>At\u00e9 o dia 18 as comunidades t\u00eam como guia para as celebra\u00e7\u00f5es, reflex\u00f5es, roteiros de ora\u00e7\u00e3o e cantos o subs\u00eddio \u201cHora da Fam\u00edlia\u201d, que j\u00e1 est\u00e1 dispon\u00edvel. A Pastoral Familiar encoraja os leigos e leigas a participar, dialogar, acreditar, se doar, testemunhar e se fortalecer por meio do Evangelho que \u00e9 fonte de alegria quando vivenciado com amor e conv\u00edvio familiar.<\/p>\n<p>A <em>Amoris Leatitia<\/em> continua sendo a maior inspira\u00e7\u00e3o das p\u00e1ginas do Hora da Fam\u00edlia 2018. Com seu conte\u00fado sempre fiel \u00e0 Palavra divina e \u00e0 doutrina da Igreja consegue levar a f\u00e9 e a esperan\u00e7a a todos que se mantinham distantes do amor de Deus.<\/p>\n<div id=\"attachment_198722\" class=\"wp-caption alignright\"><img loading=\"lazy\" decoding=\"async\" class=\"size-medium wp-image-198722\" src=\"http:\/\/www.cnbb.org.br\/wp-content\/uploads\/sites\/32\/2018\/08\/hora-da-familia-2017-300x266.jpg\" srcset=\"http:\/\/www.cnbb.org.br\/wp-content\/uploads\/sites\/32\/2018\/08\/hora-da-familia-2017-300x266.jpg 300w, http:\/\/www.cnbb.org.br\/wp-content\/uploads\/sites\/32\/2018\/08\/hora-da-familia-2017-768x680.jpg 768w, http:\/\/www.cnbb.org.br\/wp-content\/uploads\/sites\/32\/2018\/08\/hora-da-familia-2017.jpg 800w\" alt=\"\" width=\"300\" height=\"266\" \/><\/p>\n<p class=\"wp-caption-text\"><em>Divulga\u00e7\u00e3o<\/em><\/p>\n<\/div>\n<p><em>\u201cO material oferece in\u00fameras ocasi\u00f5es de encontros, celebra\u00e7\u00f5es, a\u00e7\u00f5es mission\u00e1rias, palestras e eventos sobre os temas ligados \u00e0 fam\u00edlia para serem feitos nas comunidades\u201d, destaca o bispo.<\/em><\/p>\n<p>Este ano, o \u201cHora da Fam\u00edlia\u201d traz uma rela\u00e7\u00e3o especial com o 9\u00ba Encontro Mundial das Fam\u00edlias. Trata-se de uma ocasi\u00e3o privilegiada para agradecer a Deus, valorizar, defender a fam\u00edlia, cultivar os valores familiares. Al\u00e9m de integrar todas fam\u00edlias na grande fam\u00edlia que \u00e9 a Igreja.<\/p>\n<p><em>\u201cEsperamos que esse encontro chame a aten\u00e7\u00e3o do mundo para a import\u00e2ncia da fam\u00edlia, constru\u00edda segundo a vontade de Deus, pois s\u00f3 assim ela pode ser alegria para o mundo\u201d, ressalta dom Bosco.<\/em><\/p>\n<p>Desde junho, a Pastoral Familiar anima os agentes e grupos paroquiais e diocesanos para fazer um trabalho conjunto dentro das comunidades em todo o pa\u00eds. A celebra\u00e7\u00e3o da Semana da Fam\u00edlia \u00e9 preparada pela Comiss\u00e3o Episcopal Pastoral para a Vida e a Fam\u00edlia da Confer\u00eancia Nacional dos Bispos do Brasil (CNBB) e a Comiss\u00e3o Nacional da Pastoral Familiar (CNPF).<\/p>\n<p>Para o Encontro Mundial das Fam\u00edlias, o Brasil, al\u00e9m das fam\u00edlias que se inscreveram no encontro, estar\u00e3o presentes o presidente da Comiss\u00e3o para a Vida e Fam\u00edlia da CNBB, dom Jo\u00e3o Bosco Barbosa de Sousa, o assessor nacional da comiss\u00e3o, padre Jorge Alves Filho e o casal coordenador nacional da Pastoral Familiar, Luiz Zilfredo Stolf e Carmen Rodrigues Stolf.<\/p>\n<p>&nbsp;<\/p>\n<p>Fonte: CNBB<\/p>\n","protected":false},"excerpt":{"rendered":"<p>Neste domingo, 12 de agosto, a Igreja no Brasil inicia a 27\u00aa edi\u00e7\u00e3o da Semana Nacional da Fam\u00edlia (SNF), que tem como tema \u201cO Evangelho da Fam\u00edlia, alegria para o mundo\u201d, a mesma tem\u00e1tica do IX Encontro Mundial das Fam\u00edlias com o Papa Francisco, que acontece de 22 a 26 de agosto, em Dublin, na [&hellip;]<\/p>\n","protected":false},"author":1,"featured_media":42890,"comment_status":"open","ping_status":"closed","sticky":false,"template":"","format":"standard","meta":{"footnotes":""},"categories":[13],"tags":[],"class_list":["post-42889","post","type-post","status-publish","format-standard","has-post-thumbnail","hentry","category-featured"],"_links":{"self":[{"href":"https:\/\/catolicanet.net\/wp-cnet\/wp-json\/wp\/v2\/posts\/42889","targetHints":{"allow":["GET"]}}],"collection":[{"href":"https:\/\/catolicanet.net\/wp-cnet\/wp-json\/wp\/v2\/posts"}],"about":[{"href":"https:\/\/catolicanet.net\/wp-cnet\/wp-json\/wp\/v2\/types\/post"}],"author":[{"embeddable":true,"href":"https:\/\/catolicanet.net\/wp-cnet\/wp-json\/wp\/v2\/users\/1"}],"replies":[{"embeddable":true,"href":"https:\/\/catolicanet.net\/wp-cnet\/wp-json\/wp\/v2\/comments?post=42889"}],"version-history":[{"count":1,"href":"https:\/\/catolicanet.net\/wp-cnet\/wp-json\/wp\/v2\/posts\/42889\/revisions"}],"predecessor-version":[{"id":42891,"href":"https:\/\/catolicanet.net\/wp-cnet\/wp-json\/wp\/v2\/posts\/42889\/revisions\/42891"}],"wp:featuredmedia":[{"embeddable":true,"href":"https:\/\/catolicanet.net\/wp-cnet\/wp-json\/wp\/v2\/media\/42890"}],"wp:attachment":[{"href":"https:\/\/catolicanet.net\/wp-cnet\/wp-json\/wp\/v2\/media?parent=42889"}],"wp:term":[{"taxonomy":"category","embeddable":true,"href":"https:\/\/catolicanet.net\/wp-cnet\/wp-json\/wp\/v2\/categories?post=42889"},{"taxonomy":"post_tag","embeddable":true,"href":"https:\/\/catolicanet.net\/wp-cnet\/wp-json\/wp\/v2\/tags?post=42889"}],"curies":[{"name":"wp","href":"https:\/\/api.w.org\/{rel}","templated":true}]}}