{"id":42877,"date":"2018-08-09T16:48:30","date_gmt":"2018-08-09T19:48:30","guid":{"rendered":"http:\/\/catolicanet.net\/wp-cnet\/?p=42877"},"modified":"2018-08-09T16:49:53","modified_gmt":"2018-08-09T19:49:53","slug":"papa-fim-de-semana-com-os-jovens-em-vista-do-sinodo","status":"publish","type":"post","link":"https:\/\/catolicanet.net\/wp-cnet\/papa-fim-de-semana-com-os-jovens-em-vista-do-sinodo\/","title":{"rendered":"Papa: fim de semana com os jovens, em vista do S\u00ednodo"},"content":{"rendered":"<div class=\"article__subTitle\">Jovens da It\u00e1lia ter\u00e3o dois encontros com o Papa Francisco em vista do S\u00ednodo da Juventude de outubro 2018: s\u00e1bado no Circo M\u00e1ximo (centro hist\u00f3rico de Roma) e domingo, na Pra\u00e7a S\u00e3o Pedro. Espera-se a participa\u00e7\u00e3o de mais de 100 mil jovens<\/div>\n<div class=\"title__separator\"><\/div>\n<div class=\"article__text\">\n<p><b>Cristiane Murray \u2013 Cidade do Vaticano<\/b><\/p>\n<p>Setenta mil jovens italianos de 16 a 19 anos participar\u00e3o neste fim de semana (11 e 12\/08) em Roma de dois eventos com a presen\u00e7a do <b>Papa Francisco<\/b> em vista do <b>S\u00ednodo da Juventude<\/b> de outubro pr\u00f3ximo.<\/p>\n<h2>Evento vai movimentar a cidade<\/h2>\n<p>O primeiro encontro ser\u00e1 no Circo M\u00e1ximo (centro hist\u00f3rico da cidade) e o segundo, na Pra\u00e7a S\u00e3o Pedro. No total, espera-se a participa\u00e7\u00e3o de mais de 100 mil jovens de todo o pa\u00eds. 195 dioceses est\u00e3o envolvidas na programa\u00e7\u00e3o.<\/p>\n<p>\u201cFalamos de algo que est\u00e1 movimentando toda a Pen\u00ednsula, invadida por um ex\u00e9rcito unido e pac\u00edfico\u201d, disse o Presidente da CEI (Confer\u00eancia Episcopal Italiana) e arcebispo de Perugia, <b>Cardeal Gualtiero Bassetti,<\/b> apresentando o evento \u00e0 imprensa, ter\u00e7a-feira (07\/08).<\/p>\n<h2>120 bispos participar\u00e3o da peregrina\u00e7\u00e3o<\/h2>\n<p>A escolha da Igreja, explicou, quer ser \u201c<i>uma grande pedagogia<\/i>\u201d. Em rela\u00e7\u00e3o \u00e0s peregrina\u00e7\u00f5es que os jovens est\u00e3o fazendo nestes dias do norte ao sul da It\u00e1lia, disse que \u201ccaminhar juntos \u00e9 formativo para os jovens: lado a lado com o outro, em sil\u00eancio, entram em si mesmos longe da frenesia da vida cotidiana\u201d.<\/p>\n<p>\u201cPedag\u00f3gica \u00e9 tamb\u00e9m a modalidade das peregrina\u00e7\u00f5es, que n\u00e3o s\u00e3o apenas uma visita aos lugares, mas tamb\u00e9m \u00e0s pessoas, aos santos do territ\u00f3rio, aos lugares do sofrimento\u201d, observou o cardeal. Caminhando com os jovens, estar\u00e3o tamb\u00e9m 120 bispos.<\/p>\n<h2>Primavera da humanidade<\/h2>\n<p>\u201c\u00c9 a melhor maneira de se preparar para o S\u00ednodo; os jovens n\u00e3o s\u00e3o um objeto no qual a Igreja est\u00e1 interessada, mas um sujeito vivo. Estamos esperando muito destes encontros\u201d, acrescentou o Presidente da CEI, \u201cporque queremos ouvir uma nova mensagem do Papa. Os jovens que marcham em dire\u00e7\u00e3o a uma primavera de hist\u00f3ria e humanidade. E n\u00f3s vamos junto com eles\u201d.<\/p>\n<div>\n<div class=\"article__embed article__embed--border embed_style\">\n<blockquote><p>\u201c Nos dias 11 e 12 de agosto, ser\u00e3o envolvidos tamb\u00e9m os jovens migrantes, que poder\u00e3o participar gra\u00e7as \u00e0 ajuda nas despesas para viagem e a um par de sapatos novos, presenteados para a caminhada \u201d<\/p><\/blockquote>\n<\/div>\n<\/div>\n<h2>Papa: envio e ben\u00e7\u00e3o dos dons italianos<\/h2>\n<p>Ainda sobre o programa, P<b>e. Michele Falabretti<\/b>, respons\u00e1vel da pastoral juvenil na CEI, adiantou que haver\u00e1 eventos de espiritualidade (vig\u00edlias de ora\u00e7\u00e3o), cultura e arte (um percurso em meio a obras de Caravaggio, na igreja de S\u00e3o Luis dos Franceses). Ao final da missa de domingo, na Pra\u00e7a S\u00e3o Pedro, o Papa vai confiar aos jovens o mandato mission\u00e1rio, aben\u00e7oar uma imagem de Nossa Senhora de Loreto e uma c\u00f3pia do crucifixo de S\u00e3o Dami\u00e3o que desde a JMJ de 1987 em Buenos Aires, s\u00e3o os dons oferecidos pela Igreja italiana \u00e0s Jornadas. Aben\u00e7oadas domingo, acompanhar\u00e3o a delega\u00e7\u00e3o jovem italiana ao Panam\u00e1, em janeiro de 2019.<\/p>\n<div>\n<div class=\"article__embed article__embed--unwrap article__embed--dark\">\n<div class=\"article__innerTitle\">Baixe e compartilhe<\/div>\n<\/div>\n<\/div>\n<\/div>\n<div>\n<!--[if lt IE 9]><script>document.createElement('audio');<\/script><![endif]-->\n<audio class=\"wp-audio-shortcode\" id=\"audio-42877-1\" preload=\"none\" style=\"width: 100%;\" controls=\"controls\"><source type=\"audio\/mpeg\" src=\"https:\/\/media.vaticannews.va\/media\/audio\/s1\/2018\/8\/8\/8\/134568804_F134568804.mp3?_=1\" \/><a href=\"https:\/\/media.vaticannews.va\/media\/audio\/s1\/2018\/8\/8\/8\/134568804_F134568804.mp3\">https:\/\/media.vaticannews.va\/media\/audio\/s1\/2018\/8\/8\/8\/134568804_F134568804.mp3<\/a><\/audio>\n<\/div>\n<div><\/div>\n<div>Fonte: R\u00e1dio Vaticano<\/div>\n","protected":false},"excerpt":{"rendered":"<p>Jovens da It\u00e1lia ter\u00e3o dois encontros com o Papa Francisco em vista do S\u00ednodo da Juventude de outubro 2018: s\u00e1bado no Circo M\u00e1ximo (centro hist\u00f3rico de Roma) e domingo, na Pra\u00e7a S\u00e3o Pedro. Espera-se a participa\u00e7\u00e3o de mais de 100 mil jovens Cristiane Murray \u2013 Cidade do Vaticano Setenta mil jovens italianos de 16 a [&hellip;]<\/p>\n","protected":false},"author":1,"featured_media":42878,"comment_status":"open","ping_status":"closed","sticky":false,"template":"","format":"standard","meta":{"footnotes":""},"categories":[13],"tags":[],"class_list":["post-42877","post","type-post","status-publish","format-standard","has-post-thumbnail","hentry","category-featured"],"_links":{"self":[{"href":"https:\/\/catolicanet.net\/wp-cnet\/wp-json\/wp\/v2\/posts\/42877","targetHints":{"allow":["GET"]}}],"collection":[{"href":"https:\/\/catolicanet.net\/wp-cnet\/wp-json\/wp\/v2\/posts"}],"about":[{"href":"https:\/\/catolicanet.net\/wp-cnet\/wp-json\/wp\/v2\/types\/post"}],"author":[{"embeddable":true,"href":"https:\/\/catolicanet.net\/wp-cnet\/wp-json\/wp\/v2\/users\/1"}],"replies":[{"embeddable":true,"href":"https:\/\/catolicanet.net\/wp-cnet\/wp-json\/wp\/v2\/comments?post=42877"}],"version-history":[{"count":1,"href":"https:\/\/catolicanet.net\/wp-cnet\/wp-json\/wp\/v2\/posts\/42877\/revisions"}],"predecessor-version":[{"id":42879,"href":"https:\/\/catolicanet.net\/wp-cnet\/wp-json\/wp\/v2\/posts\/42877\/revisions\/42879"}],"wp:featuredmedia":[{"embeddable":true,"href":"https:\/\/catolicanet.net\/wp-cnet\/wp-json\/wp\/v2\/media\/42878"}],"wp:attachment":[{"href":"https:\/\/catolicanet.net\/wp-cnet\/wp-json\/wp\/v2\/media?parent=42877"}],"wp:term":[{"taxonomy":"category","embeddable":true,"href":"https:\/\/catolicanet.net\/wp-cnet\/wp-json\/wp\/v2\/categories?post=42877"},{"taxonomy":"post_tag","embeddable":true,"href":"https:\/\/catolicanet.net\/wp-cnet\/wp-json\/wp\/v2\/tags?post=42877"}],"curies":[{"name":"wp","href":"https:\/\/api.w.org\/{rel}","templated":true}]}}