{"id":42874,"date":"2018-08-09T16:41:28","date_gmt":"2018-08-09T19:41:28","guid":{"rendered":"http:\/\/catolicanet.net\/wp-cnet\/?p=42874"},"modified":"2018-08-09T16:41:28","modified_gmt":"2018-08-09T19:41:28","slug":"um-legislador-catolico-que-vota-a-favor-do-aborto-fica-excomungado","status":"publish","type":"post","link":"https:\/\/catolicanet.net\/wp-cnet\/um-legislador-catolico-que-vota-a-favor-do-aborto-fica-excomungado\/","title":{"rendered":"Um legislador cat\u00f3lico que vota a favor do aborto fica excomungado?"},"content":{"rendered":"<p>Buenos Aires, 08 Ago. 18 \/ 06:00 pm (<a href=\"https:\/\/www.acidigital.com\" target=\"_self\">ACI<\/a>).- No contexto da vota\u00e7\u00e3o sobre a despenaliza\u00e7\u00e3o do <a href=\"https:\/\/www.acidigital.com\/vida\/aborto\/index.html\">aborto<\/a> no Senado da Argentina nesta quarta-feira, 8 de agosto, os legisladores cat\u00f3licos que apoiam o projeto ficariam excomungados?<\/p>\n<p>O advogado canonista Alejandro \u00c1lvarez, de \u2018Voces Cat\u00f3licas\u2019, explicou ao Grupo <a href=\"https:\/\/www.acidigital.com\">ACI<\/a> as implica\u00e7\u00f5es do crime do aborto e seus envolvidos segundo o c\u00e2non 1398 do C\u00f3digo de Direito Can\u00f4nico.<\/p>\n<p>Em primeiro lugar, \u00c1lvarez assinalou que o conte\u00fado literal do c\u00e2non estabelece como sujeito do crime de aborto &#8220;toda pessoa que procura o aborto&#8221;, ou seja, &#8220;quem interv\u00e9m nele, de modo necess\u00e1rio para produzir o resultado do aborto&#8221;.<\/p>\n<p>&#8220;N\u00e3o est\u00e3o sancionados, portanto, outros que interv\u00eam em um aborto, por exemplo, os funcion\u00e1rios administrativos da cl\u00ednica, inclusive se esta se dedica exclusiva ou principalmente a esta pr\u00e1tica&#8221;, esclareceu o advogado.<\/p>\n<div class=\"ad_inline\">\n<div id=\"div-gpt-ad-1472661422739-0\" data-google-query-id=\"COKPu5Tc4NwCFdBcDAod1TsIGQ\">\n<div id=\"google_ads_iframe_\/4493921\/ACI_D_Article_1_0__container__\"><iframe loading=\"lazy\" id=\"google_ads_iframe_\/4493921\/ACI_D_Article_1_0\" title=\"3rd party ad content\" src=\"https:\/\/tpc.googlesyndication.com\/safeframe\/1-0-29\/html\/container.html\" name=\"\" width=\"300\" height=\"250\" frameborder=\"0\" marginwidth=\"0\" marginheight=\"0\" scrolling=\"no\" data-is-safeframe=\"true\" data-mce-fragment=\"1\"><\/iframe><\/div>\n<\/div>\n<\/div>\n<p>Entretanto, sublinhou que isto &#8220;n\u00e3o que dizer que um cat\u00f3lico, que deseja ser fiel aos compromissos da sua f\u00e9, possa trabalhar em uma cl\u00ednica dessas caracter\u00edsticas sem ter problemas de consci\u00eancia&#8221;.<\/p>\n<p>No caso dos parlamentares que d\u00e3o o seu voto a uma lei que aprova o aborto, \u00c1lvarez indicou que, &#8220;embora seja muito grave sua conduta, da sua atua\u00e7\u00e3o n\u00e3o se deriva necessariamente a comiss\u00e3o de um aborto, n\u00e3o h\u00e1 uma rela\u00e7\u00e3o de causa e efeito direta. Portanto, deve-se entender que n\u00e3o comete o crime do aborto&#8221;.<\/p>\n<p>Em rela\u00e7\u00e3o \u00e0 excomunh\u00e3o <em>latae sententiae<\/em> (autom\u00e1tica), o advogado can\u00f4nico afirmou que se aplica a &#8220;toda pessoa que busca o aborto. Isso se refere a quem interv\u00e9m nele, de modo que a sua a\u00e7\u00e3o seja necess\u00e1ria para produzir o resultado do aborto&#8221;.<\/p>\n<p>Nesse sentido, &#8220;outros que interv\u00eam em um aborto n\u00e3o s\u00e3o sancionados, por exemplo, os funcion\u00e1rios administrativos da cl\u00ednica&#8221;.<\/p>\n<p>Al\u00e9m disso, a excomunh\u00e3o afeta os &#8220;c\u00famplices&#8221;, ou seja, &#8220;todos aqueles que cometem este crime conhecendo a pena, incluindo tamb\u00e9m aqueles sem cuja coopera\u00e7\u00e3o o crime n\u00e3o teria acontecido\u201d.<\/p>\n<p>Ao levar em considera\u00e7\u00e3o essas precis\u00f5es, \u00c1lvarez explicou que, no caso, o parlamentar cat\u00f3lico que vota a favor do aborto \u201cn\u00e3o h\u00e1 pena, e tendo em considera\u00e7\u00e3o que, ainda sendo muito grave sua conduta, de sua atua\u00e7\u00e3o n\u00e3o se deriva necessariamente a comiss\u00e3o de um aborto\u201d.<\/p>\n<p>\u201cPor isso, deve-se entender que n\u00e3o incorre no crime do aborto\u201d, assinalou o advogado, o qual acrescentou que \u201cum presidente batizado est\u00e1 na mesma situa\u00e7\u00e3o que os parlamentares, que, embora se trate de uma conduta grave, n\u00e3o constitui crime de aborto\u201d.<\/p>\n<p>Embora n\u00e3o haja pena can\u00f4nica para o parlamentar cat\u00f3lico que vota a favor do aborto, isso n\u00e3o quer dizer que esta conduta \u00e9 moralmente l\u00edcita. \u00c1lvarez expressou que, em sua opini\u00e3o, \u201c\u00e9 moralmente reprov\u00e1vel, mas n\u00e3o se deve esquecer de que o cristianismo n\u00e3o \u00e9 uma mensagem moral, mas de salva\u00e7\u00e3o para todos os homens\u201d.<\/p>\n<p>\u201cPor isso, a pergunta n\u00e3o \u00e9 se sua conduta \u00e9 moral ou n\u00e3o, mas qual \u00e9 a for\u00e7a que o cristianismo tem para transformar a sociedade e o mundo de hoje e produzir uma mudan\u00e7a da mentalidade da cultura da morte para uma cultura da <a href=\"https:\/\/www.acidigital.com\/vida\/index.html\">vida<\/a>\u201d, concluiu.<\/p>\n<p>&nbsp;<\/p>\n<p>Fonte: Acidigital<\/p>\n","protected":false},"excerpt":{"rendered":"<p>Buenos Aires, 08 Ago. 18 \/ 06:00 pm (ACI).- No contexto da vota\u00e7\u00e3o sobre a despenaliza\u00e7\u00e3o do aborto no Senado da Argentina nesta quarta-feira, 8 de agosto, os legisladores cat\u00f3licos que apoiam o projeto ficariam excomungados? O advogado canonista Alejandro \u00c1lvarez, de \u2018Voces Cat\u00f3licas\u2019, explicou ao Grupo ACI as implica\u00e7\u00f5es do crime do aborto e [&hellip;]<\/p>\n","protected":false},"author":1,"featured_media":42875,"comment_status":"open","ping_status":"closed","sticky":false,"template":"","format":"standard","meta":{"footnotes":""},"categories":[4],"tags":[],"class_list":["post-42874","post","type-post","status-publish","format-standard","has-post-thumbnail","hentry","category-cotidiano"],"_links":{"self":[{"href":"https:\/\/catolicanet.net\/wp-cnet\/wp-json\/wp\/v2\/posts\/42874","targetHints":{"allow":["GET"]}}],"collection":[{"href":"https:\/\/catolicanet.net\/wp-cnet\/wp-json\/wp\/v2\/posts"}],"about":[{"href":"https:\/\/catolicanet.net\/wp-cnet\/wp-json\/wp\/v2\/types\/post"}],"author":[{"embeddable":true,"href":"https:\/\/catolicanet.net\/wp-cnet\/wp-json\/wp\/v2\/users\/1"}],"replies":[{"embeddable":true,"href":"https:\/\/catolicanet.net\/wp-cnet\/wp-json\/wp\/v2\/comments?post=42874"}],"version-history":[{"count":1,"href":"https:\/\/catolicanet.net\/wp-cnet\/wp-json\/wp\/v2\/posts\/42874\/revisions"}],"predecessor-version":[{"id":42876,"href":"https:\/\/catolicanet.net\/wp-cnet\/wp-json\/wp\/v2\/posts\/42874\/revisions\/42876"}],"wp:featuredmedia":[{"embeddable":true,"href":"https:\/\/catolicanet.net\/wp-cnet\/wp-json\/wp\/v2\/media\/42875"}],"wp:attachment":[{"href":"https:\/\/catolicanet.net\/wp-cnet\/wp-json\/wp\/v2\/media?parent=42874"}],"wp:term":[{"taxonomy":"category","embeddable":true,"href":"https:\/\/catolicanet.net\/wp-cnet\/wp-json\/wp\/v2\/categories?post=42874"},{"taxonomy":"post_tag","embeddable":true,"href":"https:\/\/catolicanet.net\/wp-cnet\/wp-json\/wp\/v2\/tags?post=42874"}],"curies":[{"name":"wp","href":"https:\/\/api.w.org\/{rel}","templated":true}]}}