{"id":42868,"date":"2018-08-09T15:36:54","date_gmt":"2018-08-09T18:36:54","guid":{"rendered":"http:\/\/catolicanet.net\/wp-cnet\/?p=42868"},"modified":"2018-08-09T15:36:54","modified_gmt":"2018-08-09T18:36:54","slug":"cerco-da-misericordia-visa-corrupcao-no-pais","status":"publish","type":"post","link":"https:\/\/catolicanet.net\/wp-cnet\/cerco-da-misericordia-visa-corrupcao-no-pais\/","title":{"rendered":"Cerco da Miseric\u00f3rdia visa corrup\u00e7\u00e3o no Pa\u00eds"},"content":{"rendered":"<div id=\"foto_auto\">\n<p>Padre Di Lascio cita a passagem b\u00edblica sobre Davi e Golias para explicar que o gigante pode ser derrotado<\/p>\n<\/div>\n<div class=\"fe-content\">\u00c9 quarta-feira, 8 de agosto, 17h. A missa nem come\u00e7ou, mas Maria Aparecida Verga Ruiz, de 73 anos, j\u00e1 est\u00e1 ajoelhada em frente ao altar, com um ter\u00e7o nas m\u00e3os. Ela reza o Pai Nosso e a Ave Maria consecutivamente. Nas paredes da igreja, cartazes com os nomes de 728 pol\u00edticos \u2013 513 deputados federais, 94 deputados estaduais por S\u00e3o Paulo, 27 governadores, 81 senadores, al\u00e9m dos 13 candidatos \u00e0 presid\u00eancia nas elei\u00e7\u00f5es deste ano.<\/div>\n<div class=\"fe-content\">Ela n\u00e3o est\u00e1 sozinha. Em algumas horas do dia, chega a 70 o n\u00famero de pessoas fazendo o mesmo na par\u00f3quia. Todos eles acreditam que podem acabar com a corrup\u00e7\u00e3o do Brasil pela f\u00e9. Desde o \u00faltimo domingo, a Igreja Nossa Senhora do Ros\u00e1rio de Pompeia, na Vila Pompeia, em Campinas, promove a 5\u00aa edi\u00e7\u00e3o de Cerco da Miseric\u00f3rdia. S\u00e3o sete dias dedicados \u00e0 ora\u00e7\u00f5es o tempo todo, inclusive durante a madrugada, com equipes se revezando a cada hora. Uma verdadeira maratona da f\u00e9.<\/div>\n<div class=\"fe-content\">Nas outras edi\u00e7\u00f5es, a a\u00e7\u00e3o teve como temas a defesa da vida, o ano da miseric\u00f3rdia, cura e liberta\u00e7\u00f5es e a quest\u00e3o da mulher. Neste ano eleitoral, a \u00e9tica na pol\u00edtica \u00e9 a inspira\u00e7\u00e3o para a maratona de ora\u00e7\u00f5es. Tanta f\u00e9 tem como objetivo mudar um cen\u00e1rio preocupante do Pa\u00eds. Neste ano, o Brasil despencou para a 96\u00aa coloca\u00e7\u00e3o no ranking global do \u00cdndice de Percep\u00e7\u00e3o da Corrup\u00e7\u00e3o (IPC), atr\u00e1s de pa\u00edses como Timor Leste, Burkina Faso e Sri Lanka. Esc\u00e2ndalos recentes envolvendo gigantes como Petrobras e Odebrecht abalaram a imagem brasileira mundo afora.<\/div>\n<div class=\"fe-content\">Pode ser desanimador, mas n\u00e3o para Maria Aparecida: \u201cSe o Brasil todo tiver a f\u00e9 que n\u00f3s do cerco temos, acredito que podemos acabar com essa ladroeira sim. Queremos tocar no cora\u00e7\u00e3o dos pol\u00edticos, n\u00e3o importa se cat\u00f3licos ou evang\u00e9licos, mas fazer com que todos sejam mais honestos, porque isso est\u00e1 em falta no Pa\u00eds\u201d, acredita a dona de casa.<\/div>\n<div class=\"fe-content\">Frases de efeito n\u00e3o faltam ao Cerco da Miseric\u00f3rdia. Entre os v\u00e1rios banners espalhados pela par\u00f3quia, h\u00e1 slogans como \u201cA for\u00e7a da ora\u00e7\u00e3o derruba toda corrup\u00e7\u00e3o\u201d ou \u201cDiga n\u00e3o para a corrup\u00e7\u00e3o e sim para o Pai Nosso\u201d.<\/div>\n<div><strong>Muita f\u00e9<\/strong><\/div>\n<div class=\"fe-content\">O idealizador da a\u00e7\u00e3o \u00e9 o padre dessa par\u00f3quia, Luiz Roberto Teixeira Di Lascio, que compara sua campanha \u00e0 famosa passagem b\u00edblica sobre Davi e Golias, em que um jovem franzino com f\u00e9 em Deus venceu uma batalha contra um guerreiro filisteu conhecido por seu tamanho muito grande. \u201cA corrup\u00e7\u00e3o \u00e9 uma coisa gigante, mas a ora\u00e7\u00e3o \u00e9 o combust\u00edvel de alguma coisa que queremos transformar. Primeiro, queremos que as pessoas tomem consci\u00eancia do tamanho do problema que vivemos em nosso Pa\u00eds. Depois, queremos despertar na popula\u00e7\u00e3o os agentes transformadores para que, mais para frente, eles possam substituir os maus pol\u00edticos da atualidade\u201d, afirma o p\u00e1roco. \u201cSomos uma c\u00e9lula pequena que est\u00e1 se infiltrando nesse monstro da corrup\u00e7\u00e3o. Mas ser\u00e1 que nosso rem\u00e9dio n\u00e3o pode chegar no tecido da corrup\u00e7\u00e3o e acabar com esse c\u00e2ncer? Eu acredito que sim. A for\u00e7a de Deus \u00e9 muito grande\u201d, completa.<\/div>\n<div><strong>Ainda d\u00e1 tempo<\/strong><\/div>\n<div class=\"fe-content\">O Cerco da Miseric\u00f3rdia ser\u00e1 encerrado no pr\u00f3ximo domingo, com missa \u00e0s 18h30 e depois uma prociss\u00e3o com velas e cartazes com os nomes dos pol\u00edticos. Na ocasi\u00e3o, al\u00e9m da religi\u00e3o e da pol\u00edtica, outro componente emblem\u00e1tico da cultura brasileira se juntar\u00e1: o futebol. \u201cVamos dar um cart\u00e3o amarelo simb\u00f3lico aos pol\u00edticos, como advert\u00eancia. O cart\u00e3o vermelho daremos em outubro nas elei\u00e7\u00f5es\u201d, promete o padre Di Lascio.<\/div>\n<div><\/div>\n<div>Fonte: Correio Conectado<\/div>\n","protected":false},"excerpt":{"rendered":"<p>Padre Di Lascio cita a passagem b\u00edblica sobre Davi e Golias para explicar que o gigante pode ser derrotado \u00c9 quarta-feira, 8 de agosto, 17h. A missa nem come\u00e7ou, mas Maria Aparecida Verga Ruiz, de 73 anos, j\u00e1 est\u00e1 ajoelhada em frente ao altar, com um ter\u00e7o nas m\u00e3os. Ela reza o Pai Nosso e [&hellip;]<\/p>\n","protected":false},"author":1,"featured_media":42869,"comment_status":"open","ping_status":"closed","sticky":false,"template":"","format":"standard","meta":{"footnotes":""},"categories":[13],"tags":[],"class_list":["post-42868","post","type-post","status-publish","format-standard","has-post-thumbnail","hentry","category-featured"],"_links":{"self":[{"href":"https:\/\/catolicanet.net\/wp-cnet\/wp-json\/wp\/v2\/posts\/42868","targetHints":{"allow":["GET"]}}],"collection":[{"href":"https:\/\/catolicanet.net\/wp-cnet\/wp-json\/wp\/v2\/posts"}],"about":[{"href":"https:\/\/catolicanet.net\/wp-cnet\/wp-json\/wp\/v2\/types\/post"}],"author":[{"embeddable":true,"href":"https:\/\/catolicanet.net\/wp-cnet\/wp-json\/wp\/v2\/users\/1"}],"replies":[{"embeddable":true,"href":"https:\/\/catolicanet.net\/wp-cnet\/wp-json\/wp\/v2\/comments?post=42868"}],"version-history":[{"count":1,"href":"https:\/\/catolicanet.net\/wp-cnet\/wp-json\/wp\/v2\/posts\/42868\/revisions"}],"predecessor-version":[{"id":42870,"href":"https:\/\/catolicanet.net\/wp-cnet\/wp-json\/wp\/v2\/posts\/42868\/revisions\/42870"}],"wp:featuredmedia":[{"embeddable":true,"href":"https:\/\/catolicanet.net\/wp-cnet\/wp-json\/wp\/v2\/media\/42869"}],"wp:attachment":[{"href":"https:\/\/catolicanet.net\/wp-cnet\/wp-json\/wp\/v2\/media?parent=42868"}],"wp:term":[{"taxonomy":"category","embeddable":true,"href":"https:\/\/catolicanet.net\/wp-cnet\/wp-json\/wp\/v2\/categories?post=42868"},{"taxonomy":"post_tag","embeddable":true,"href":"https:\/\/catolicanet.net\/wp-cnet\/wp-json\/wp\/v2\/tags?post=42868"}],"curies":[{"name":"wp","href":"https:\/\/api.w.org\/{rel}","templated":true}]}}