{"id":42843,"date":"2018-08-08T14:21:04","date_gmt":"2018-08-08T17:21:04","guid":{"rendered":"http:\/\/catolicanet.net\/wp-cnet\/?p=42843"},"modified":"2018-08-08T14:23:42","modified_gmt":"2018-08-08T17:23:42","slug":"refugiados-retornam-a-qaraqosh-apos-anos-de-conflitos","status":"publish","type":"post","link":"https:\/\/catolicanet.net\/wp-cnet\/refugiados-retornam-a-qaraqosh-apos-anos-de-conflitos\/","title":{"rendered":"Refugiados retornam \u00e0 Qaraqosh ap\u00f3s anos de conflitos"},"content":{"rendered":"<div class=\"post-content\">\n<p><em><strong>\u201cNunca esquecerei do que o Estado Isl\u00e2mico nos fez\u201d \u2013\u00a0<\/strong><\/em><strong>Ap\u00f3s anos vivendo como refugiados, fam\u00edlia crist\u00e3 tem a coragem de recome\u00e7ar. A Funda\u00e7\u00e3o Pontif\u00edcia ACN est\u00e1 ajudando.<\/strong><\/p>\n<p>\u201cEu nunca me esquecerei do que o Estado Isl\u00e2mico nos fez\u201d, disse Musa; \u00e9 um homem tranquilo e bem-humorado. No entanto, aos 63 anos de idade, ainda fica nervoso pelo que sua fam\u00edlia e os crist\u00e3os no Iraque sofreram nas m\u00e3os de extremistas isl\u00e2micos. <a href=\"https:\/\/www.acn.org.br\/noticias\/os-cristaos-do-iraque-enfrentam-um-verdadeiro-genocidio\/\">Em agosto de 2014<\/a>, no meio da noite, ele, sua esposa e seus seis filhos foram for\u00e7ados a deixar Qaraqosh, at\u00e9 ent\u00e3o considerada a maior cidade crist\u00e3 do <a href=\"https:\/\/www.acn.org.br\/images\/stories\/RLRM2016\/pDFs\/RLRM-2016-Iraque.pdf\" target=\"_blank\" rel=\"noopener\">Iraque<\/a>.<\/p>\n<p>Quando o avan\u00e7o dos incans\u00e1veis jihadistas se tornou mais pr\u00f3ximo, a fam\u00edlia entrou em p\u00e2nico deixando tudo para tr\u00e1s e buscaram ref\u00fagio em Erbil. Nos primeiros dias, Musa e sua fam\u00edlia viveram nas ruas, dormindo no ch\u00e3o. No entanto, a chegada de 120 mil refugiados crist\u00e3os num espa\u00e7o de tempo t\u00e3o curto foi demasiado para a cidade. Logo, a fam\u00edlia encontrou abrigo por algumas semanas numa sala de aula, com 25 outros refugiados. Nos anos seguintes, eles ficaram vivendo num apartamento pequeno junto com outra fam\u00edlia. Assim como\u00a0para milhares de outras fam\u00edlias crist\u00e3s, a <a href=\"https:\/\/www.acn.org.br\/noticias\/o-iraque-atual-seus-dados-e-numeros-reais\/\">Funda\u00e7\u00e3o Pontif\u00edcia ACN pagou seu aluguel<\/a>. Ou seja, n\u00e3o teriam conseguido pagar por si s\u00f3; e Musa, um mec\u00e2nico de autom\u00f3veis, n\u00e3o encontrou nenhum trabalho na cidade de Ozal, assentamento n\u00e3o muito distante de Erbil. Entretanto, ao menos sua esposa conseguiu trabalhar como professora de aramaico, a l\u00edngua dos crist\u00e3os; embora seu sal\u00e1rio fosse irris\u00f3rio.<\/p>\n<h2 data-fontsize=\"30\" data-lineheight=\"39\">O retorno \u00e0\u00a0Qaraqosh<\/h2>\n<p>A chance da fam\u00edlia de Musa voltar para casa s\u00f3 surgiu em novembro de 2017. <strong>\u201cEu fiquei chocado quando vi nossa cidade de novo pela primeira vez; o quanto havia sido destru\u00edda. Foi particularmente impressionante encontrar nossa casa completamente vazia. Tudo tinha sido roubado\u201d<\/strong>, recorda Musa. Ele ainda n\u00e3o sabe quem roubou e danificou sua casa. Ser\u00e1 que foram os militantes do grupo Estado Isl\u00e2mico, ou vizinhos das vilas mu\u00e7ulmanas da redondeza? \u201cEu realmente n\u00e3o me importo. O que est\u00e1 feito, est\u00e1 feito\u201d.<\/p>\n<p>Milhares de fam\u00edlias sofreram o mesmo destino de Musa. <strong>A Funda\u00e7\u00e3o Pontif\u00edcia ACN, que <a href=\"https:\/\/www.acn.org.br\/noticias\/ajuda-aos-refugiados-no-norte-do-iraque-traz-vida-nova\/\">ajudou os crist\u00e3os do Iraque<\/a> enquanto eram refugiados, agora os ajuda no retorno para suas casas<\/strong>. O retorno era certo para Musa: \u201cMesmo com muitas dificuldades, qualquer pessoa que seja origin\u00e1ria de Qaraqosh, como meus antepassados e eu, sempre volta para c\u00e1\u201d. Com a ajuda da ACN, a casa de Musa tornou-se novamente habit\u00e1vel. Felizmente, o estrago n\u00e3o foi total; portas e janelas tiveram que ser consertadas e os aposentos pintados. Al\u00e9m disso, fam\u00edlia ainda precisa providenciar os m\u00f3veis. No entanto, j\u00e1 se sentem em casa novamente. <strong>\u201cEu sou profundamente agradecido aos benfeitores pela ajuda.<\/strong> <strong>N\u00e3o ter\u00edamos podido retornar sem a ajuda deles\u201d<\/strong>.<\/p>\n<div id=\"attachment_11767\" class=\"wp-caption aligncenter\">\n<p><img loading=\"lazy\" decoding=\"async\" class=\"wp-image-11767 size-600\" src=\"https:\/\/www.acn.org.br\/wp-content\/uploads\/2018\/07\/ACN-Noticias-2018-6Familia-Iraquiana-31.07-600x379.jpg\" sizes=\"auto, (max-width: 600px) 100vw, 600px\" srcset=\"https:\/\/www.acn.org.br\/wp-content\/uploads\/2018\/07\/ACN-Noticias-2018-6Familia-Iraquiana-31.07-200x126.jpg 200w, https:\/\/www.acn.org.br\/wp-content\/uploads\/2018\/07\/ACN-Noticias-2018-6Familia-Iraquiana-31.07-300x189.jpg 300w, https:\/\/www.acn.org.br\/wp-content\/uploads\/2018\/07\/ACN-Noticias-2018-6Familia-Iraquiana-31.07-320x202.jpg 320w, https:\/\/www.acn.org.br\/wp-content\/uploads\/2018\/07\/ACN-Noticias-2018-6Familia-Iraquiana-31.07-400x253.jpg 400w, https:\/\/www.acn.org.br\/wp-content\/uploads\/2018\/07\/ACN-Noticias-2018-6Familia-Iraquiana-31.07-600x379.jpg 600w, https:\/\/www.acn.org.br\/wp-content\/uploads\/2018\/07\/ACN-Noticias-2018-6Familia-Iraquiana-31.07-700x441.jpg 700w, https:\/\/www.acn.org.br\/wp-content\/uploads\/2018\/07\/ACN-Noticias-2018-6Familia-Iraquiana-31.07-768x485.jpg 768w, https:\/\/www.acn.org.br\/wp-content\/uploads\/2018\/07\/ACN-Noticias-2018-6Familia-Iraquiana-31.07-800x505.jpg 800w, https:\/\/www.acn.org.br\/wp-content\/uploads\/2018\/07\/ACN-Noticias-2018-6Familia-Iraquiana-31.07-1024x647.jpg 1024w, https:\/\/www.acn.org.br\/wp-content\/uploads\/2018\/07\/ACN-Noticias-2018-6Familia-Iraquiana-31.07-1200x758.jpg 1200w, https:\/\/www.acn.org.br\/wp-content\/uploads\/2018\/07\/ACN-Noticias-2018-6Familia-Iraquiana-31.07.jpg 1900w\" alt=\"Com a ajuda da ACN, a casa de Musa tornou-se habit\u00e1vel novamente\" width=\"600\" height=\"379\" \/><\/p>\n<p class=\"wp-caption-text\"><small> Musa e sua filha Miray, 25: for\u00e7ados a fugir de Qaraqosh, considerada a maior cidade crist\u00e3 do Iraque, buscaram ref\u00fagio em Erbil. Retornaram para casa em Novembro de 2017.<\/small><\/p>\n<\/div>\n<h2 data-fontsize=\"30\" data-lineheight=\"39\">Solidariedade entre os refugiados<\/h2>\n<p>A filha de Musa, Miray de 25 anos, trabalha como enfermeira no hospital local. Ela teve que interromper seus estudos em Mosul quando o grupo Estado Isl\u00e2mico avan\u00e7ou, em 2014; s\u00f3 p\u00f4de continuar os estudos mais tarde, em Erbil. Por\u00e9m, ainda considera o tempo no ex\u00edlio como produtivo. \u201cComo enfermeira eu pude ajudar as pessoas. E essa foi uma experi\u00eancia muito boa para mim\u201d. De um modo geral, a jovem acredita que as pessoas se tornaram mais unidas durante os anos do ex\u00edlio, apesar de todas as adversidades que enfrentaram. \u201cEu agrade\u00e7o a Deus porque as pessoas se abriram umas \u00e0s outras. Antes, estavam voltadas para a parte material. Casas maiores, mais dinheiro. Eu espero que as pessoas tenham percebido que a vida \u00e9 mais do que isso\u201d.<\/p>\n<p>Ademais, Miray pede que os benfeitores da ACN n\u00e3o ajudem s\u00f3 materialmente, mas tamb\u00e9m espiritualmente. \u201cN\u00f3s precisamos de suas preces\u201d. A f\u00e9 de Miray foi posta \u00e0 prova durante os anos de ex\u00edlio, mas se tornou mais forte. \u201cEu senti muito claramente que Deus estava conosco\u201d. A jovem acredita que seu futuro \u00e9 no Iraque, apesar de estar preocupada com o problema da seguran\u00e7a; pois gostaria de continuar seus estudos e se tornar m\u00e9dica. \u201cA melhor coisa a fazer seria estudar em outro pa\u00eds, as condi\u00e7\u00f5es l\u00e1 s\u00e3o melhores. J\u00e1 estou economizando meu dinheiro para isso. Mas com certeza quero voltar ao Iraque para servir meu povo\u201d.<\/p>\n<\/div>\n<p>Fonte: ACN<\/p>\n","protected":false},"excerpt":{"rendered":"<p>\u201cNunca esquecerei do que o Estado Isl\u00e2mico nos fez\u201d \u2013\u00a0Ap\u00f3s anos vivendo como refugiados, fam\u00edlia crist\u00e3 tem a coragem de recome\u00e7ar. A Funda\u00e7\u00e3o Pontif\u00edcia ACN est\u00e1 ajudando. \u201cEu nunca me esquecerei do que o Estado Isl\u00e2mico nos fez\u201d, disse Musa; \u00e9 um homem tranquilo e bem-humorado. No entanto, aos 63 anos de idade, ainda fica [&hellip;]<\/p>\n","protected":false},"author":1,"featured_media":42845,"comment_status":"open","ping_status":"closed","sticky":false,"template":"","format":"standard","meta":{"footnotes":""},"categories":[4],"tags":[],"class_list":["post-42843","post","type-post","status-publish","format-standard","has-post-thumbnail","hentry","category-cotidiano"],"_links":{"self":[{"href":"https:\/\/catolicanet.net\/wp-cnet\/wp-json\/wp\/v2\/posts\/42843","targetHints":{"allow":["GET"]}}],"collection":[{"href":"https:\/\/catolicanet.net\/wp-cnet\/wp-json\/wp\/v2\/posts"}],"about":[{"href":"https:\/\/catolicanet.net\/wp-cnet\/wp-json\/wp\/v2\/types\/post"}],"author":[{"embeddable":true,"href":"https:\/\/catolicanet.net\/wp-cnet\/wp-json\/wp\/v2\/users\/1"}],"replies":[{"embeddable":true,"href":"https:\/\/catolicanet.net\/wp-cnet\/wp-json\/wp\/v2\/comments?post=42843"}],"version-history":[{"count":2,"href":"https:\/\/catolicanet.net\/wp-cnet\/wp-json\/wp\/v2\/posts\/42843\/revisions"}],"predecessor-version":[{"id":42846,"href":"https:\/\/catolicanet.net\/wp-cnet\/wp-json\/wp\/v2\/posts\/42843\/revisions\/42846"}],"wp:featuredmedia":[{"embeddable":true,"href":"https:\/\/catolicanet.net\/wp-cnet\/wp-json\/wp\/v2\/media\/42845"}],"wp:attachment":[{"href":"https:\/\/catolicanet.net\/wp-cnet\/wp-json\/wp\/v2\/media?parent=42843"}],"wp:term":[{"taxonomy":"category","embeddable":true,"href":"https:\/\/catolicanet.net\/wp-cnet\/wp-json\/wp\/v2\/categories?post=42843"},{"taxonomy":"post_tag","embeddable":true,"href":"https:\/\/catolicanet.net\/wp-cnet\/wp-json\/wp\/v2\/tags?post=42843"}],"curies":[{"name":"wp","href":"https:\/\/api.w.org\/{rel}","templated":true}]}}