{"id":42838,"date":"2018-08-08T13:11:54","date_gmt":"2018-08-08T16:11:54","guid":{"rendered":"http:\/\/catolicanet.net\/wp-cnet\/?p=42838"},"modified":"2018-08-08T13:11:54","modified_gmt":"2018-08-08T16:11:54","slug":"quatro-regioes-do-brasil-estao-representadas-no-curso-para-novos-bispos","status":"publish","type":"post","link":"https:\/\/catolicanet.net\/wp-cnet\/quatro-regioes-do-brasil-estao-representadas-no-curso-para-novos-bispos\/","title":{"rendered":"Quatro regi\u00f5es do Brasil est\u00e3o representadas no curso para novos bispos"},"content":{"rendered":"<p>S\u00e3o 12 novos bispos que participam da 29\u00aa edi\u00e7\u00e3o do curso para os novos bispos, promovida pela Comiss\u00e3o Episcopal Pastoral para os Minist\u00e9rios Ordenados e a Vida Consagrada da Confer\u00eancia Nacional dos Bispos do Brasil (CNBB), realizada nesta semana, na sede da entidade, em Bras\u00edlia (DF). Os novos prelados escolhidos para levar \u00e0 frente o minist\u00e9rio episcopal est\u00e3o distribu\u00eddos em quatro regi\u00f5es geogr\u00e1ficas do Brasil e em oito regionais da CNBB.<\/p>\n<p>O Nordeste Brasileiro \u00e9 a regi\u00e3o que mais recebeu bispos novos: seis; seguido do Sudeste, com seis. A regi\u00e3o Sul ganhou dois novos bispos e o Norte, um. Este n\u00famero n\u00e3o conta as transfer\u00eancias realizadas desde agosto do ano passado, quando aconteceu o \u00faltimo curso para novos bispos, que \u00e9 oferecido aos padres que s\u00e3o nomeados pelo papa para o minist\u00e9rio episcopal.<\/p>\n<p>Seis bispos enviados para o Nordeste, quatro regionais da CNBB contemplados. Dom Aldemiro Sena dos Santos, bispo de Guarabira (PB) e dom Limac\u00eado Ant\u00f4nio da Silva, auxiliar de Olinda e Recife (PE), s\u00e3o do regional Nordeste 2. Dom Vitor Agnaldo de Menezes, de Propri\u00e1 (SE), e dom Jailton de Oliveira Lino, de Teixeira de Freitas-Caravelas (BA), s\u00e3o do regional Nordeste 3. Outros dois foram nomeados auxiliares da arquidiocese de Fortaleza (CE): dom J\u00falio C\u00e9sar Souza de Jesus e dom Valdemir Vicente Andrade dos Santos s\u00e3o do regional Nordeste 1.<\/p>\n<p>\u00danico bispo dos regionais do Norte, que est\u00e3o na regi\u00e3o Amaz\u00f4nica brasileira, dom Jos\u00e9 Altevir da Silva, bispo de Camet\u00e1 (PA), no regional Norte 2 da CNBB, fala sobre a experi\u00eancia que tem vivido na diocese, onde est\u00e1 desde dezembro do ano passado.<\/p>\n<blockquote><p><strong><em>\u201cEst\u00e1 sendo um tempo de gra\u00e7a, um tempo de acolhida verdadeira, um povo muito acolhedor, festivo, muito devoto, muito religioso e isso j\u00e1 d\u00e1 uma esperan\u00e7a muito grande, a maneira que o povo estava ansioso o novo bispo chegar e a maneira como cheguei tamb\u00e9m, muito simples, e o povo recebeu de maneira muito carinhosa, muito humana. Para mim foi o primeiro passo naquela diocese e est\u00e1 me fazendo cada vez mais descobrir o caminho do amor \u00e0quele povo, do amor \u00e0quela Igreja, porque esse jeito de amar um povo ele demora, \u00e9 feito na caminhada, ningu\u00e9m chega amando o povo e a Igreja local. Voc\u00ea vai amando, descobrindo, vivendo e assumindo cada vez mais a identidade daquela Igreja local passo a passo\u201d, com dom Jos\u00e9 Altevir.<\/em><\/strong><\/p><\/blockquote>\n<p>Dom Altevir recorda seu lema episcopal \u201cEscuta aprende e anuncia, com alegria, esperan\u00e7a e caridade\u201d para retratar o que est\u00e1 vivendo, \u201co tempo da escuta\u201d, que \u00e9 profunda, ao tamb\u00e9m ver os clamores do povo.<\/p>\n<p>A cidade de Camet\u00e1 conta com uma popula\u00e7\u00e3o estimada de 136.100 habitantes, e com cerca de 3.081,367 quil\u00f4metros quadrados, a diocese est\u00e1 dividida em duas regi\u00f5es, s\u00e3o elas regi\u00e3o Transamaz\u00f4nica e Tocantina. Como territ\u00f3rio amaz\u00f4nico, tem os desafios pr\u00f3prios da regi\u00e3o.<\/p>\n<div id=\"attachment_198645\" class=\"wp-caption alignleft\"><img loading=\"lazy\" decoding=\"async\" class=\"size-medium wp-image-198645\" src=\"http:\/\/www.cnbb.org.br\/wp-content\/uploads\/sites\/32\/2018\/08\/Dom-Jos%C3%A9-Altevir-950-530-300x169.jpg\" srcset=\"http:\/\/www.cnbb.org.br\/wp-content\/uploads\/sites\/32\/2018\/08\/Dom-Jos\u00e9-Altevir-950-530-300x169.jpg 300w, http:\/\/www.cnbb.org.br\/wp-content\/uploads\/sites\/32\/2018\/08\/Dom-Jos\u00e9-Altevir-950-530-768x431.jpg 768w, http:\/\/www.cnbb.org.br\/wp-content\/uploads\/sites\/32\/2018\/08\/Dom-Jos\u00e9-Altevir-950-530.jpg 956w\" alt=\"\" width=\"300\" height=\"169\" \/><\/p>\n<p class=\"wp-caption-text\"><em>Dom Jos\u00e9 Altevir da Silva | Foto: CNBB\/Matheus de Souza<\/em><\/p>\n<\/div>\n<p>\u201cA Amaz\u00f4nia em si ela traz consigo grandes desafios primeiro por ser cobi\u00e7ada, muitas vezes lida como objeto do comercio, de interesse de um sistema que mata e que fere o povo, a natureza, a aterra, os rios, a custo do lucro\u201d, analisa dom Altevir. Para ele, o primeiro cuidado, \u00e9 ter a consci\u00eancia de que \u201ca Amaz\u00f4nia precisa de um cuidado, de um respeito de uma aten\u00e7\u00e3o. E essa aten\u00e7\u00e3o vai vir das exig\u00eancias do Evangelho. Realmente devemos ter muita consci\u00eancia e rezar isso no dia a dia, lutar para ser uma Igreja cada vez mais com rosto dos povos amaz\u00f4nicos, porque a nossa regi\u00e3o tem v\u00e1rios povos, v\u00e1rios rostos, cada um com seus clamores, suas necessidades\u201d.<\/p>\n<p>Para o bispo, a Igreja na Amaz\u00f4nia \u201cclama por pastores que vejam a necessidade do povo, clama por uma incultura\u00e7\u00e3o realmente a partir daquele ch\u00e3o sagrado que \u00e9 Amaz\u00f4nia e isso exige bastante esfor\u00e7o\u201d.<\/p>\n<div id=\"attachment_198646\" class=\"wp-caption alignright\"><img loading=\"lazy\" decoding=\"async\" class=\"size-medium wp-image-198646\" src=\"http:\/\/www.cnbb.org.br\/wp-content\/uploads\/sites\/32\/2018\/08\/Dom-Silvio-Guterres-300x169.jpg\" srcset=\"http:\/\/www.cnbb.org.br\/wp-content\/uploads\/sites\/32\/2018\/08\/Dom-Silvio-Guterres-300x169.jpg 300w, http:\/\/www.cnbb.org.br\/wp-content\/uploads\/sites\/32\/2018\/08\/Dom-Silvio-Guterres-768x431.jpg 768w, http:\/\/www.cnbb.org.br\/wp-content\/uploads\/sites\/32\/2018\/08\/Dom-Silvio-Guterres.jpg 956w\" alt=\"\" width=\"300\" height=\"169\" \/><\/p>\n<p class=\"wp-caption-text\"><em>Dom Silvio Guterres Dutra | Foto: CNBB\/Matheus de Souza<\/em><\/p>\n<\/div>\n<p>No outro extremo do pa\u00eds, h\u00e1 o rec\u00e9m-empossado, dom Silvio Guterres Dutra, bispo de Vacaria (RS). Ordenado bispo no dia 22 de julho, tomou posse no domingo, dia 5, na Catedral da sede episcopal. Ele conta que esteve na diocese ap\u00f3s a nomea\u00e7\u00e3o, quando em uma das oportunidades fez visitas a institui\u00e7\u00f5es p\u00fablicas e \u00e0s par\u00f3quias. Dom Silvio explica que precisar\u00e1 de meses para ter uma ideia mais clara, \u201cum discernimento maior do que, de fato, consiste a diocese\u201d.<\/p>\n<blockquote><p><strong><em>\u201cA diocese tem uma hist\u00f3ria muito rica, muito bonita, come\u00e7ada pelos freis capuchinhos que assumiram a regi\u00e3o h\u00e1 muitos anos atr\u00e1s, depois assumiram a prelazia de Vacaria, algumas vezes os capuchinhos tamb\u00e9m estiveram \u00e0 frente como bispos da diocese. O que eu senti na diocese \u00e9 que uma marca caracter\u00edstica \u00e9 o fortalecimento das comunidades paroquiais. S\u00e3o comunidades fortes, bem estruturadas, com caminhada bonita de conselhos paroquial e comunit\u00e1rios, diferentemente da experi\u00eancia que eu tinha de igreja. A pr\u00f3pria reuni\u00e3o da forania ou da \u00e1rea pastoral, se d\u00e1 com a presen\u00e7a dos padres e das lideran\u00e7as leigas que assumem setores ali na diocese. Eu fiquei encantado com isso, acho que \u00e9 um caminho digno, bom para a Igreja e que eu preciso favorecer, incrementar, valorizar isso\u201d, conta dom Silvio.<\/em><\/strong><\/p><\/blockquote>\n<p>A arquidiocese de Fortaleza \u00e9 a mais antiga entre as Igrejas Particulares que contam com novos bispos, uma vez que erigida em 1854. A do Rio de Janeiro data de 1892. A diocese com mais recente cria\u00e7\u00e3o \u00e9 a de Guarabira (PB), tendo sido oficializada em 27 de dezembro de 1981.<\/p>\n<p>&nbsp;<\/p>\n<p>Fonte CNBB<\/p>\n","protected":false},"excerpt":{"rendered":"<p>S\u00e3o 12 novos bispos que participam da 29\u00aa edi\u00e7\u00e3o do curso para os novos bispos, promovida pela Comiss\u00e3o Episcopal Pastoral para os Minist\u00e9rios Ordenados e a Vida Consagrada da Confer\u00eancia Nacional dos Bispos do Brasil (CNBB), realizada nesta semana, na sede da entidade, em Bras\u00edlia (DF). Os novos prelados escolhidos para levar \u00e0 frente o [&hellip;]<\/p>\n","protected":false},"author":1,"featured_media":42839,"comment_status":"open","ping_status":"closed","sticky":false,"template":"","format":"standard","meta":{"footnotes":""},"categories":[7],"tags":[],"class_list":["post-42838","post","type-post","status-publish","format-standard","has-post-thumbnail","hentry","category-cnbb"],"_links":{"self":[{"href":"https:\/\/catolicanet.net\/wp-cnet\/wp-json\/wp\/v2\/posts\/42838","targetHints":{"allow":["GET"]}}],"collection":[{"href":"https:\/\/catolicanet.net\/wp-cnet\/wp-json\/wp\/v2\/posts"}],"about":[{"href":"https:\/\/catolicanet.net\/wp-cnet\/wp-json\/wp\/v2\/types\/post"}],"author":[{"embeddable":true,"href":"https:\/\/catolicanet.net\/wp-cnet\/wp-json\/wp\/v2\/users\/1"}],"replies":[{"embeddable":true,"href":"https:\/\/catolicanet.net\/wp-cnet\/wp-json\/wp\/v2\/comments?post=42838"}],"version-history":[{"count":1,"href":"https:\/\/catolicanet.net\/wp-cnet\/wp-json\/wp\/v2\/posts\/42838\/revisions"}],"predecessor-version":[{"id":42840,"href":"https:\/\/catolicanet.net\/wp-cnet\/wp-json\/wp\/v2\/posts\/42838\/revisions\/42840"}],"wp:featuredmedia":[{"embeddable":true,"href":"https:\/\/catolicanet.net\/wp-cnet\/wp-json\/wp\/v2\/media\/42839"}],"wp:attachment":[{"href":"https:\/\/catolicanet.net\/wp-cnet\/wp-json\/wp\/v2\/media?parent=42838"}],"wp:term":[{"taxonomy":"category","embeddable":true,"href":"https:\/\/catolicanet.net\/wp-cnet\/wp-json\/wp\/v2\/categories?post=42838"},{"taxonomy":"post_tag","embeddable":true,"href":"https:\/\/catolicanet.net\/wp-cnet\/wp-json\/wp\/v2\/tags?post=42838"}],"curies":[{"name":"wp","href":"https:\/\/api.w.org\/{rel}","templated":true}]}}