{"id":42835,"date":"2018-08-08T10:32:30","date_gmt":"2018-08-08T13:32:30","guid":{"rendered":"http:\/\/catolicanet.net\/wp-cnet\/?p=42835"},"modified":"2018-08-08T10:32:30","modified_gmt":"2018-08-08T13:32:30","slug":"papa-sucesso-poder-e-dinheiro-sao-idolos-que-escravizam","status":"publish","type":"post","link":"https:\/\/catolicanet.net\/wp-cnet\/papa-sucesso-poder-e-dinheiro-sao-idolos-que-escravizam\/","title":{"rendered":"Papa: &#8220;Sucesso, poder e dinheiro s\u00e3o \u00eddolos que escravizam&#8221;"},"content":{"rendered":"<div class=\"article__subTitle\">Em sua catequese o Papa explicou que &#8220;a liberdade do homem nasce quando permitimos que o verdadeiro Deus seja o \u00fanico Senhor. Isto nos faz aceitar nossa fragilidade e recha\u00e7ar os \u00eddolos do nosso cora\u00e7\u00e3o\u201d.<\/div>\n<div class=\"title__separator\"><\/div>\n<div class=\"article__text\">\n<p><b>Cristiane Murray \u2013 Cidade do Vaticano<\/b><\/p>\n<p>Dando continuidade \u00e0s catequeses sobre os Dez mandamentos, nesta quarta-feira (08\/08) o <b>Papa Francisco<\/b> aprofundou o tema da idolatria, refletindo sobre o bezerro de ouro, narrado no Livro do \u00caxodo.<\/p>\n<p>A tradicional audi\u00eancia geral foi realizada na Sala Paulo VI, onde o ar condicionado aliviou o calor do Papa e das 7 mil pessoas participantes. Ilustrando o trecho b\u00edblico do \u00caxodo, apresentado no in\u00edcio do encontro, o Papa disse que o Povo de Israel estava no deserto, angustiado sem \u00e1gua e alimentos, esperando Mois\u00e9s que subira ao monte para encontrar o Senhor.<\/p>\n<div>\n<div class=\"article__embed article__embed--border embed_style\">\n<blockquote><p>\u201c O povo queria certezas e pediu a Ara\u00e3o que constru\u00edsse um \u00eddolo \u2018sob medida e mudo\u2019, identific\u00e1vel, que fosse um guia \u201d<\/p><\/blockquote>\n<\/div>\n<\/div>\n<p>Assim como o deserto \u00e9 uma imagem da vida humana incerta e sem garantias, a natureza humana, para fugir da precariedade, procura uma religi\u00e3o com a qual se orientar: \u00e9 a eterna tenta\u00e7\u00e3o de fazer um \u2018deus sob medida\u2019.<\/p>\n<h2>As tenta\u00e7\u00f5es de sempre!<\/h2>\n<p>Ara\u00e3o n\u00e3o sabe dizer \u2018n\u00e3o\u2019 e cria o bezerro de ouro, que tinha um duplo sentido no Oriente antigo: por um lado, representava fecundidade e abund\u00e2ncia; por outro, energia e for\u00e7a.<\/p>\n<div>\n<div class=\"article__embed article__embed--unwrap article__embed--dark\">\n<div class=\"article__innerTitle\">Baixe e compartilhe<\/div>\n<!--[if lt IE 9]><script>document.createElement('audio');<\/script><![endif]-->\n<audio class=\"wp-audio-shortcode\" id=\"audio-42835-1\" preload=\"none\" style=\"width: 100%;\" controls=\"controls\"><source type=\"audio\/mpeg\" src=\"https:\/\/media.vaticannews.va\/media\/audio\/s1\/2018\/8\/8\/10\/134568900_F134568900.mp3?_=1\" \/><a href=\"https:\/\/media.vaticannews.va\/media\/audio\/s1\/2018\/8\/8\/10\/134568900_F134568900.mp3\">https:\/\/media.vaticannews.va\/media\/audio\/s1\/2018\/8\/8\/10\/134568900_F134568900.mp3<\/a><\/audio>\n<\/div>\n<\/div>\n<p>\u201cS\u00e3o as tenta\u00e7\u00f5es de sempre! O bezerro de ouro \u00e9 o s\u00edmbolo de todos os desejos que oferecem a ilus\u00e3o da liberdade, mas acabam por escravizar\u201d.<\/p>\n<div>\n<aside class=\"article__readmore\">\n<div class=\"teaser--labelEvidence teaser\">\n<article>\n<div class=\"teaser__labelWrapper\"><\/div>\n<div class=\"teaser__contentWrapper\">\n<div><\/div>\n<\/div>\n<\/article>\n<\/div>\n<\/aside>\n<\/div>\n<p>\u201cTudo isso \u2013 completou Francisco \u2013 nasce da incapacidade de confiar antes de tudo em Deus, de depositar Nele nossas inseguran\u00e7as, de deixar que seja Ele a dar a verdadeira profundidade aos anseios de nosso cora\u00e7\u00e3o. Sem o primado de Deus, facilmente cai-se na idolatria e contenta-se de poucas seguran\u00e7as\u201d.<\/p>\n<h2>A escravid\u00e3o do pecado<\/h2>\n<p>O bezerro de ouro representa, desse modo, a falta de confian\u00e7a em Deus, deixando-se levar pelas tenta\u00e7\u00f5es que conduzem \u00e0 escravid\u00e3o do pecado: poder, liberdade, riqueza, etc.<br \/>\n\u201cQuando acolhemos o Deus de Jesus Cristo, descobrirmos que reconhecer a nossa fragilidade n\u00e3o \u00e9 a desgra\u00e7a da vida humana, mas a condi\u00e7\u00e3o para abrir-se \u00c0quele que \u00e9 realmente forte. A liberdade do homem nasce justamente permitindo que o verdadeiro Deus seja o \u00fanico Senhor. Isto nos faz aceitar nossa fragilidade e recha\u00e7ar os \u00eddolos do nosso cora\u00e7\u00e3o\u201d.<\/p>\n<h2>Reconhecer a nossa fragilidade e receber a for\u00e7a do Alto<\/h2>\n<p>Terminando a catequese, o Pont\u00edfice concluiu que \u201ccomo nos mostrou Jesus, o Deus verdadeiro \u00e9 Aquele que se faz pobre para nos tornar participantes da sua riqueza. \u00c9 um Deus que se mostra fraco, pregado na Cruz, para nos ensinar que devemos reconhecer a nossa fragilidade, pois \u00e9 ali onde encontramos a for\u00e7a do Alto que nos enche com o seu amor misericordioso\u201d.\n<\/p><\/div>\n<p>&nbsp;<\/p>\n<p>Fonte: R\u00e1dio Vaticano<\/p>\n","protected":false},"excerpt":{"rendered":"<p>Em sua catequese o Papa explicou que &#8220;a liberdade do homem nasce quando permitimos que o verdadeiro Deus seja o \u00fanico Senhor. Isto nos faz aceitar nossa fragilidade e recha\u00e7ar os \u00eddolos do nosso cora\u00e7\u00e3o\u201d. Cristiane Murray \u2013 Cidade do Vaticano Dando continuidade \u00e0s catequeses sobre os Dez mandamentos, nesta quarta-feira (08\/08) o Papa Francisco [&hellip;]<\/p>\n","protected":false},"author":1,"featured_media":42836,"comment_status":"open","ping_status":"closed","sticky":false,"template":"","format":"standard","meta":{"footnotes":""},"categories":[13],"tags":[],"class_list":["post-42835","post","type-post","status-publish","format-standard","has-post-thumbnail","hentry","category-featured"],"_links":{"self":[{"href":"https:\/\/catolicanet.net\/wp-cnet\/wp-json\/wp\/v2\/posts\/42835","targetHints":{"allow":["GET"]}}],"collection":[{"href":"https:\/\/catolicanet.net\/wp-cnet\/wp-json\/wp\/v2\/posts"}],"about":[{"href":"https:\/\/catolicanet.net\/wp-cnet\/wp-json\/wp\/v2\/types\/post"}],"author":[{"embeddable":true,"href":"https:\/\/catolicanet.net\/wp-cnet\/wp-json\/wp\/v2\/users\/1"}],"replies":[{"embeddable":true,"href":"https:\/\/catolicanet.net\/wp-cnet\/wp-json\/wp\/v2\/comments?post=42835"}],"version-history":[{"count":1,"href":"https:\/\/catolicanet.net\/wp-cnet\/wp-json\/wp\/v2\/posts\/42835\/revisions"}],"predecessor-version":[{"id":42837,"href":"https:\/\/catolicanet.net\/wp-cnet\/wp-json\/wp\/v2\/posts\/42835\/revisions\/42837"}],"wp:featuredmedia":[{"embeddable":true,"href":"https:\/\/catolicanet.net\/wp-cnet\/wp-json\/wp\/v2\/media\/42836"}],"wp:attachment":[{"href":"https:\/\/catolicanet.net\/wp-cnet\/wp-json\/wp\/v2\/media?parent=42835"}],"wp:term":[{"taxonomy":"category","embeddable":true,"href":"https:\/\/catolicanet.net\/wp-cnet\/wp-json\/wp\/v2\/categories?post=42835"},{"taxonomy":"post_tag","embeddable":true,"href":"https:\/\/catolicanet.net\/wp-cnet\/wp-json\/wp\/v2\/tags?post=42835"}],"curies":[{"name":"wp","href":"https:\/\/api.w.org\/{rel}","templated":true}]}}