{"id":42795,"date":"2018-08-07T11:07:26","date_gmt":"2018-08-07T14:07:26","guid":{"rendered":"http:\/\/catolicanet.net\/wp-cnet\/?p=42795"},"modified":"2018-08-07T11:07:26","modified_gmt":"2018-08-07T14:07:26","slug":"incrivel-video-mostra-o-desenvolvimento-do-ser-humano-desde-a-concepcao","status":"publish","type":"post","link":"https:\/\/catolicanet.net\/wp-cnet\/incrivel-video-mostra-o-desenvolvimento-do-ser-humano-desde-a-concepcao\/","title":{"rendered":"Incr\u00edvel v\u00eddeo mostra o desenvolvimento do ser humano desde a concep\u00e7\u00e3o"},"content":{"rendered":"<p><iframe loading=\"lazy\" width=\"696\" height=\"392\" src=\"https:\/\/www.youtube.com\/embed\/b4Pw8swvo9s?feature=oembed\" frameborder=\"0\" allow=\"autoplay; encrypted-media\" allowfullscreen><\/iframe><\/p>\n<p>Um v\u00eddeo que ilustra o desenvolvimento do ser humano desde a concep\u00e7\u00e3o causou sensa\u00e7\u00e3o nas redes sociais, porque ensina todo o processo de fertiliza\u00e7\u00e3o, implanta\u00e7\u00e3o, desenvolvimento e nascimento, em pouco mais de tr\u00eas minutos.<\/p>\n<p>O criador do v\u00eddeo, que j\u00e1 possui 64 mil visualiza\u00e7\u00f5es em duas semanas, \u00e9 Hashem Al-Ghaili, um homem iemenita que vive na Alemanha e trabalha como \u201cinfluencer\u201d independente no Facebook e Youtube. Al-Ghaili se dedica \u00e0 divulga\u00e7\u00e3o cient\u00edfica para pessoas que n\u00e3o s\u00e3o especialistas.<\/p>\n<p>Nas <a href=\"https:\/\/www.acidigital.com\/controversia\/imagens.htm\">imagens<\/a> do v\u00eddeo, \u00e9 poss\u00edvel observar, primeiramente, a libera\u00e7\u00e3o dos espermatozoides na trompa de Fal\u00f3pio, o \u00f3vulo e o esperma que se \u201cfundem para formar um zigoto\u201d na fertiliza\u00e7\u00e3o e, depois, a implanta\u00e7\u00e3o do zigoto no revestimento uterino.<\/p>\n<p>Ent\u00e3o, o usu\u00e1rio pode ver uma divis\u00e3o celular \u00e1gil e o embri\u00e3o adquirindo rapidamente a forma humana reconhec\u00edvel.<\/p>\n<p>Finalmente, as imagens ilustram v\u00e1rios marcos de desenvolvimento fetal.<\/p>\n<p>Entre esses, o desenvolvimento do c\u00e9rebro, do nariz ,da boca, das orelhas e dos intestinos \u00e0s 6 semanas; o cora\u00e7\u00e3o completamente desenvolvido \u00e0s 10 semanas; e quando o beb\u00ea come\u00e7a a chutar por volta da 18\u00aa semana.<\/p>\n<p>&nbsp;<\/p>\n<p>Fonte: Acidigital<\/p>\n","protected":false},"excerpt":{"rendered":"<p>Um v\u00eddeo que ilustra o desenvolvimento do ser humano desde a concep\u00e7\u00e3o causou sensa\u00e7\u00e3o nas redes sociais, porque ensina todo o processo de fertiliza\u00e7\u00e3o, implanta\u00e7\u00e3o, desenvolvimento e nascimento, em pouco mais de tr\u00eas minutos. O criador do v\u00eddeo, que j\u00e1 possui 64 mil visualiza\u00e7\u00f5es em duas semanas, \u00e9 Hashem Al-Ghaili, um homem iemenita que vive [&hellip;]<\/p>\n","protected":false},"author":1,"featured_media":42797,"comment_status":"open","ping_status":"closed","sticky":false,"template":"","format":"standard","meta":{"footnotes":""},"categories":[13],"tags":[],"class_list":["post-42795","post","type-post","status-publish","format-standard","has-post-thumbnail","hentry","category-featured"],"_links":{"self":[{"href":"https:\/\/catolicanet.net\/wp-cnet\/wp-json\/wp\/v2\/posts\/42795","targetHints":{"allow":["GET"]}}],"collection":[{"href":"https:\/\/catolicanet.net\/wp-cnet\/wp-json\/wp\/v2\/posts"}],"about":[{"href":"https:\/\/catolicanet.net\/wp-cnet\/wp-json\/wp\/v2\/types\/post"}],"author":[{"embeddable":true,"href":"https:\/\/catolicanet.net\/wp-cnet\/wp-json\/wp\/v2\/users\/1"}],"replies":[{"embeddable":true,"href":"https:\/\/catolicanet.net\/wp-cnet\/wp-json\/wp\/v2\/comments?post=42795"}],"version-history":[{"count":1,"href":"https:\/\/catolicanet.net\/wp-cnet\/wp-json\/wp\/v2\/posts\/42795\/revisions"}],"predecessor-version":[{"id":42798,"href":"https:\/\/catolicanet.net\/wp-cnet\/wp-json\/wp\/v2\/posts\/42795\/revisions\/42798"}],"wp:featuredmedia":[{"embeddable":true,"href":"https:\/\/catolicanet.net\/wp-cnet\/wp-json\/wp\/v2\/media\/42797"}],"wp:attachment":[{"href":"https:\/\/catolicanet.net\/wp-cnet\/wp-json\/wp\/v2\/media?parent=42795"}],"wp:term":[{"taxonomy":"category","embeddable":true,"href":"https:\/\/catolicanet.net\/wp-cnet\/wp-json\/wp\/v2\/categories?post=42795"},{"taxonomy":"post_tag","embeddable":true,"href":"https:\/\/catolicanet.net\/wp-cnet\/wp-json\/wp\/v2\/tags?post=42795"}],"curies":[{"name":"wp","href":"https:\/\/api.w.org\/{rel}","templated":true}]}}