{"id":42779,"date":"2018-08-07T09:41:43","date_gmt":"2018-08-07T12:41:43","guid":{"rendered":"http:\/\/catolicanet.net\/wp-cnet\/?p=42779"},"modified":"2018-08-07T09:45:56","modified_gmt":"2018-08-07T12:45:56","slug":"bispos-dos-estados-unidos-saudam-mudanca-do-catecismo-sobre-pena-de-morte","status":"publish","type":"post","link":"https:\/\/catolicanet.net\/wp-cnet\/bispos-dos-estados-unidos-saudam-mudanca-do-catecismo-sobre-pena-de-morte\/","title":{"rendered":"Bispos dos Estados Unidos sa\u00fadam mudan\u00e7a do Catecismo sobre pena de morte"},"content":{"rendered":"<p>WASHINGTON DC, 07 Ago. 18 \/ 07:00 am (<a href=\"https:\/\/www.acidigital.com\" target=\"_self\">ACI<\/a>).- Os <a href=\"https:\/\/www.acidigital.com\/igreja\/bispos.htm\">bispos<\/a> dos Estados Unidos saudaram a mudan\u00e7a do <a href=\"https:\/\/www.acidigital.com\/catecismo\/index.html\">Catecismo<\/a> da <a href=\"https:\/\/www.acidigital.com\/igreja\/index.html\">Igreja<\/a> Cat\u00f3lica (CIC), que afirma que a pena de morte \u00e9 &#8220;inadmiss\u00edvel&#8221;.<\/p>\n<p>O Arcebispo de Los Angeles, Dom Jos\u00e9 G\u00f3mez, declarou em 3 de agosto que est\u00e1 &#8220;agradecido pela lideran\u00e7a do Papa Francisco em seu trabalho para p\u00f4r fim \u00e0s execu\u00e7\u00f5es judiciais em todo o mundo&#8221;.<\/p>\n<p>Disse que as revis\u00f5es do CIC &#8220;refletem um desenvolvimento aut\u00eantico da doutrina da Igreja que come\u00e7ou com S\u00e3o Jo\u00e3o Paulo II e continuou com o Papa Em\u00e9rito <a href=\"https:\/\/www.acidigital.com\/bentoxvi\/index.html\">Bento XVI<\/a> e agora com o Papa Francisco&#8221;.<\/p>\n<p>&#8220;Nas \u00faltimas d\u00e9cadas \u2013 escreveu \u2013 houve um consenso cada vez maior entre as Confer\u00eancias Episcopais de todo o mundo e nos ensinamentos dos Papas e do Catecismo, de que o uso da pena de morte j\u00e1 n\u00e3o pode mais ser aceito&#8221;.<\/p>\n<p>Nesse sentido, Dom G\u00f3mez afirma que a &#8220;Igreja chegou a compreender que, do ponto de vista pr\u00e1tico, os governos agora t\u00eam a capacidade de proteger a sociedade e castigar os delinquentes sem executar os criminosos violentos&#8221;, deixando-lhes a possibilidade de se redimir.<\/p>\n<p>&#8220;A Igreja acredita agora que os prop\u00f3sitos tradicionais da pena: defender a sociedade, impedir os crimes, reabilitar os criminosos e penaliz\u00e1-los por suas a\u00e7\u00f5es, pode ser melhor alcan\u00e7ados por meios n\u00e3o violentos&#8221;, acrescentou.<\/p>\n<p>Por outro lado, Dom G\u00f3mez acrescentou que a revis\u00e3o do CIC &#8220;n\u00e3o equivale a pena capital com os males do <a href=\"https:\/\/www.acidigital.com\/vida\/aborto\/index.html\">aborto<\/a> e da eutan\u00e1sia&#8221;, porque &#8220;estes crimes envolvem a morte direta de vidas inocentes e s\u00e3o sempre gravemente imorais&#8221;.<\/p>\n<p>Por sua parte, o Presidente do Comit\u00ea de Justi\u00e7a Dom\u00e9stica e Desenvolvimento Humano da Confer\u00eancia de Bispos Cat\u00f3licos dos Estados Unidos (USCCB), Dom Frank Dewane, disse em 2 de agosto, que saudou a mudan\u00e7a do Catecismo e aproveitou a oportunidade para pedir pela erradica\u00e7\u00e3o da pena de morte nos Estados Unidos.<\/p>\n<p>&#8220;Durante algumas d\u00e9cadas, a USCCBB pediu o fim da pena de morte nos Estados Unidos. Esperamos que este an\u00fancio atraia novamente a aten\u00e7\u00e3o sobre este problema cr\u00edtico e acelere o final da sua pr\u00e1tica, que, como disse o Papa Francisco \u00e0 luz do Evangelho, \u00e9 \u2018inadmiss\u00edvel porque \u00e9 um ataque contra a inviolabilidade e a dignidade da pessoa\u2019&#8221;, sublinhou.<\/p>\n<p>Assim como Dom G\u00f3mez, observou que &#8220;a nova se\u00e7\u00e3o no Catecismo \u00e9 consistente com as declara\u00e7\u00f5es do ensinamento do Papa Francisco sobre a pena de morte, incluindo o seu discurso de 2015 diante do Congresso dos Estados Unidos, assim como as declara\u00e7\u00f5es dos seus predecessores&#8221;.<\/p>\n<p>No mesmo dia, a Confer\u00eancia Cat\u00f3lica de Nebraska emitiu uma declara\u00e7\u00e3o em nome do Arcebispo de Omaha e dos bispos de Lincoln e Grand Island, dizendo que a mudan\u00e7a no CIC \u00e9 uma resposta \u00e0s suas ora\u00e7\u00f5es.<\/p>\n<p>Os bispos afirmaram que a mudan\u00e7a &#8220;mant\u00e9m corretamente a inviolabilidade da pessoa humana, cuja <a href=\"https:\/\/www.acidigital.com\/vida\/index.html\">vida<\/a> \u00e9 digna de prote\u00e7\u00e3o desde o momento da concep\u00e7\u00e3o at\u00e9 \u00e0 morte natural, e deve ser tratada com o respeito e com a dignidade concedidos por Deus&#8221;.<\/p>\n<p>&nbsp;<\/p>\n<p>Fonte: Acidigital<\/p>\n","protected":false},"excerpt":{"rendered":"<p>WASHINGTON DC, 07 Ago. 18 \/ 07:00 am (ACI).- Os bispos dos Estados Unidos saudaram a mudan\u00e7a do Catecismo da Igreja Cat\u00f3lica (CIC), que afirma que a pena de morte \u00e9 &#8220;inadmiss\u00edvel&#8221;. O Arcebispo de Los Angeles, Dom Jos\u00e9 G\u00f3mez, declarou em 3 de agosto que est\u00e1 &#8220;agradecido pela lideran\u00e7a do Papa Francisco em seu [&hellip;]<\/p>\n","protected":false},"author":1,"featured_media":42780,"comment_status":"open","ping_status":"closed","sticky":false,"template":"","format":"standard","meta":{"footnotes":""},"categories":[4],"tags":[],"class_list":["post-42779","post","type-post","status-publish","format-standard","has-post-thumbnail","hentry","category-cotidiano"],"_links":{"self":[{"href":"https:\/\/catolicanet.net\/wp-cnet\/wp-json\/wp\/v2\/posts\/42779","targetHints":{"allow":["GET"]}}],"collection":[{"href":"https:\/\/catolicanet.net\/wp-cnet\/wp-json\/wp\/v2\/posts"}],"about":[{"href":"https:\/\/catolicanet.net\/wp-cnet\/wp-json\/wp\/v2\/types\/post"}],"author":[{"embeddable":true,"href":"https:\/\/catolicanet.net\/wp-cnet\/wp-json\/wp\/v2\/users\/1"}],"replies":[{"embeddable":true,"href":"https:\/\/catolicanet.net\/wp-cnet\/wp-json\/wp\/v2\/comments?post=42779"}],"version-history":[{"count":1,"href":"https:\/\/catolicanet.net\/wp-cnet\/wp-json\/wp\/v2\/posts\/42779\/revisions"}],"predecessor-version":[{"id":42782,"href":"https:\/\/catolicanet.net\/wp-cnet\/wp-json\/wp\/v2\/posts\/42779\/revisions\/42782"}],"wp:featuredmedia":[{"embeddable":true,"href":"https:\/\/catolicanet.net\/wp-cnet\/wp-json\/wp\/v2\/media\/42780"}],"wp:attachment":[{"href":"https:\/\/catolicanet.net\/wp-cnet\/wp-json\/wp\/v2\/media?parent=42779"}],"wp:term":[{"taxonomy":"category","embeddable":true,"href":"https:\/\/catolicanet.net\/wp-cnet\/wp-json\/wp\/v2\/categories?post=42779"},{"taxonomy":"post_tag","embeddable":true,"href":"https:\/\/catolicanet.net\/wp-cnet\/wp-json\/wp\/v2\/tags?post=42779"}],"curies":[{"name":"wp","href":"https:\/\/api.w.org\/{rel}","templated":true}]}}