{"id":42774,"date":"2018-08-07T09:29:45","date_gmt":"2018-08-07T12:29:45","guid":{"rendered":"http:\/\/catolicanet.net\/wp-cnet\/?p=42774"},"modified":"2018-08-07T09:30:40","modified_gmt":"2018-08-07T12:30:40","slug":"europa-deve-redescobrir-suas-raizes-cristas-para-nao-temer-ao-isla-radical-diz-cardeal","status":"publish","type":"post","link":"https:\/\/catolicanet.net\/wp-cnet\/europa-deve-redescobrir-suas-raizes-cristas-para-nao-temer-ao-isla-radical-diz-cardeal\/","title":{"rendered":"Europa deve redescobrir suas ra\u00edzes crist\u00e3s para n\u00e3o temer ao isl\u00e3 radical, diz Cardeal"},"content":{"rendered":"<p>Roma, 07 Ago. 18 \/ 08:00 am (<a href=\"https:\/\/www.acidigital.com\" target=\"_self\">ACI<\/a>).- Em uma recente entrevista, o Cardeal Vinko Puljic afirmou que a Europa deve redescobrir suas ra\u00edzes crist\u00e3s para, assim, n\u00e3o temer e fazer frente ao radicalismo mu\u00e7ulmano que se acentua cada vez mais no continente.<\/p>\n<p>Em di\u00e1logo com a Funda\u00e7\u00e3o Pontif\u00edcia Ajuda \u00e0 <a href=\"https:\/\/www.acidigital.com\/igreja\/index.html\">Igreja<\/a> que Sofre (ACN), o tamb\u00e9m Arcebispo de Sarajevo e Primaz da B\u00f3snia e Herzegovina indicou que \u201ca Europa deve redescobrir as suas ra\u00edzes e a sua identidade crist\u00e3. Somente assim n\u00e3o ter\u00e1 que temer o radicalismo isl\u00e2mico\u201d.<\/p>\n<p>O Cardeal Puljic advertiu que B\u00f3snia e Herzegovina \u00e9 uma das portas de entrada \u00e0 Europa para o isl\u00e3 radical, que est\u00e1 se estendendo rapidamente pelo velho continente.<\/p>\n<p>\u201cH\u00e1 um grande investimento por parte de pa\u00edses \u00e1rabes que constroem mesquitas e at\u00e9 mesmo aldeias inteiras nas quais s\u00e3o colocadas pessoas provenientes daquelas na\u00e7\u00f5es. Temos boas rela\u00e7\u00f5es com os mu\u00e7ulmanos eslavos, mas \u00e9 dif\u00edcil dialogar com os isl\u00e2micos radicalizados provenientes do mundo \u00e1rabe. Sobretudo porque, do ponto de vista pol\u00edtico, eles ignoram a nossa presen\u00e7a\u201d, comentou \u00e0 ACN.<\/p>\n<p>Assinalou que \u201ca Europa n\u00e3o conhece bem o Isl\u00e3 e n\u00e3o entende o que significa viver lado a lado com o radicalismo isl\u00e2mico\u201d.<\/p>\n<p>Al\u00e9m disso, o Purpurado lamentou que, atualmente, no continente, s\u00f3 se preste aten\u00e7\u00e3o \u201c\u00e0 parte material e ignora-se a dimens\u00e3o espiritual do homem\u201d.<\/p>\n<p>\u201cA Europa deve aprender a cuidar das suas ra\u00edzes crist\u00e3s, caso contr\u00e1rio, continuar\u00e1 a temer o radicalismo\u201d, assegurou.<\/p>\n<p>O Arcebispo de Sarajevo tamb\u00e9m relatou \u00e0 ACN que, devido \u00e0 dif\u00edcil situa\u00e7\u00e3o pol\u00edtica e \u00e0 discrimina\u00e7\u00e3o que sofrem no pa\u00eds desde o final da Guerra da B\u00f3snia em 1995, estima-se que cerca de 10 mil cat\u00f3licos emigram a cada ano.<\/p>\n<p>\u201cA nossa pequena comunidade continua diminuindo todos os anos, por causa da desigualdade a n\u00edvel pol\u00edtico e jur\u00eddico. Alguns n\u00e3o encontram trabalho, outros, pelo contr\u00e1rio, t\u00eam um emprego, mas j\u00e1 n\u00e3o conseguem viver num pa\u00eds onde n\u00e3o gozam dos mesmos direitos que os outros cidad\u00e3os\u201d, lamentou.<\/p>\n<p>Para fazer frente \u00e0 situa\u00e7\u00e3o, a ACN It\u00e1lia lan\u00e7ou a campanha intitulada \u201cN\u00e3o h\u00e1 Europa sem Cristo\u201d, para ajudar economicamente os estudantes do semin\u00e1rio Redeptoris Mater di Vinnitsa, na Ucr\u00e2nia, e para ampliar o centro juvenil S\u00e3o Jo\u00e3o Paulo II, em Sarajevo.<\/p>\n<p>Neste \u00faltimo lugar, a Igreja local busca fomentar um clima de toler\u00e2ncia nos jovens e, inclusive, acolhe aqueles que s\u00e3o de outras religi\u00f5es.<\/p>\n<p>\u201cMas, n\u00e3o podemos fazer isso sozinhos, porque somos uma pequena realidade\u201d, assinalou o Purpurado, que agradeceu pelo apoio.<\/p>\n<p>Para colaborar com a campanha da ACN, pode acessar <a href=\"https:\/\/acs-italia.org\/dona-ora\/\">AQUI<\/a>.<\/p>\n<p>&nbsp;<\/p>\n<p>Fonte: Acidigital<\/p>\n","protected":false},"excerpt":{"rendered":"<p>Roma, 07 Ago. 18 \/ 08:00 am (ACI).- Em uma recente entrevista, o Cardeal Vinko Puljic afirmou que a Europa deve redescobrir suas ra\u00edzes crist\u00e3s para, assim, n\u00e3o temer e fazer frente ao radicalismo mu\u00e7ulmano que se acentua cada vez mais no continente. Em di\u00e1logo com a Funda\u00e7\u00e3o Pontif\u00edcia Ajuda \u00e0 Igreja que Sofre (ACN), [&hellip;]<\/p>\n","protected":false},"author":1,"featured_media":42775,"comment_status":"open","ping_status":"closed","sticky":false,"template":"","format":"standard","meta":{"footnotes":""},"categories":[13],"tags":[],"class_list":["post-42774","post","type-post","status-publish","format-standard","has-post-thumbnail","hentry","category-featured"],"_links":{"self":[{"href":"https:\/\/catolicanet.net\/wp-cnet\/wp-json\/wp\/v2\/posts\/42774","targetHints":{"allow":["GET"]}}],"collection":[{"href":"https:\/\/catolicanet.net\/wp-cnet\/wp-json\/wp\/v2\/posts"}],"about":[{"href":"https:\/\/catolicanet.net\/wp-cnet\/wp-json\/wp\/v2\/types\/post"}],"author":[{"embeddable":true,"href":"https:\/\/catolicanet.net\/wp-cnet\/wp-json\/wp\/v2\/users\/1"}],"replies":[{"embeddable":true,"href":"https:\/\/catolicanet.net\/wp-cnet\/wp-json\/wp\/v2\/comments?post=42774"}],"version-history":[{"count":2,"href":"https:\/\/catolicanet.net\/wp-cnet\/wp-json\/wp\/v2\/posts\/42774\/revisions"}],"predecessor-version":[{"id":42778,"href":"https:\/\/catolicanet.net\/wp-cnet\/wp-json\/wp\/v2\/posts\/42774\/revisions\/42778"}],"wp:featuredmedia":[{"embeddable":true,"href":"https:\/\/catolicanet.net\/wp-cnet\/wp-json\/wp\/v2\/media\/42775"}],"wp:attachment":[{"href":"https:\/\/catolicanet.net\/wp-cnet\/wp-json\/wp\/v2\/media?parent=42774"}],"wp:term":[{"taxonomy":"category","embeddable":true,"href":"https:\/\/catolicanet.net\/wp-cnet\/wp-json\/wp\/v2\/categories?post=42774"},{"taxonomy":"post_tag","embeddable":true,"href":"https:\/\/catolicanet.net\/wp-cnet\/wp-json\/wp\/v2\/tags?post=42774"}],"curies":[{"name":"wp","href":"https:\/\/api.w.org\/{rel}","templated":true}]}}