{"id":42769,"date":"2018-08-07T09:20:49","date_gmt":"2018-08-07T12:20:49","guid":{"rendered":"http:\/\/catolicanet.net\/wp-cnet\/?p=42769"},"modified":"2018-08-07T09:20:49","modified_gmt":"2018-08-07T12:20:49","slug":"r500-milhoes-ou-r-1-bilhao-o-que-realmente-importa","status":"publish","type":"post","link":"https:\/\/catolicanet.net\/wp-cnet\/r500-milhoes-ou-r-1-bilhao-o-que-realmente-importa\/","title":{"rendered":"R$500 milh\u00f5es ou r$ 1 bilh\u00e3o&#8230;o que realmente importa?"},"content":{"rendered":"<p><a href=\"http:\/\/jornalosp.arquisp.org.br\/colunista\/elizabeth-kipman-cerqueira\">Elizabeth Kipman Cerqueira<\/a><\/p>\n<p class=\"rtejustify\">O Jornal Folha de S\u00e3o Paulo noticiou na primeira p\u00e1gina da edi\u00e7\u00e3o de domingo, dia 29 de julho, que o SUS gastou R$ 486 milh\u00f5es para tratar complica\u00e7\u00f5es do aborto; refere-se \u00e0 cifra de 75% das 2.100.000 interna\u00e7\u00f5es para curetagem ocorridas de 2008 a 2017. Na exposi\u00e7\u00e3o do tema no caderno Cotidiano B1, arredonda para R$ 500 milh\u00f5es.<\/p>\n<p class=\"rtejustify\">Podemos, realmente, considerar 2.100.000 interna\u00e7\u00f5es pelo SUS de 2008 a 2017 (os n\u00fameros n\u00e3o sofrem grandes varia\u00e7\u00f5es anuais e pode-se supor qual ser\u00e1 em 2017 porque o Minist\u00e9rio da Sa\u00fade s\u00f3 publica at\u00e9 2 anos antes \u2013 at\u00e9 2016). O artigo afirma que 75% foram relativos a complica\u00e7\u00f5es de abortos clandestinos. Entretanto, sabemos que em torno de 1.500.000 destas<strong> interna\u00e7\u00f5es<\/strong> foram devidas a abortos espont\u00e2neos. Esse c\u00e1lculo se faz a partir de 10 a 15% de abortos espont\u00e2neos para o total de nascidos vivos\/ano\/Brasil \u2013 3 milh\u00f5es por ano. Calcula-se de 300.000 a 450.000 abortos espont\u00e2neos\/ano\/Brasil. Em m\u00e9dia, a metade destes necessita de interna\u00e7\u00e3o hospitalar. Portanto, ocorrem 150 mil a 275 mil interna\u00e7\u00f5es\/ano por aborto espont\u00e2neo. Em 10 anos, de 2.100.000 interna\u00e7\u00f5es pelo SUS, pelo menos, 1.500.000 n\u00e3o foram por abortos provocados, o que leva ao n\u00famero m\u00e1ximo de 600.000 interna\u00e7\u00f5es por complica\u00e7\u00f5es de aborto provocado nos 10 anos referidos pela not\u00edcia citada; isto considerando o menor valor de abortos espont\u00e2neos e sem contar os casos que necessitam de curetagem para diagn\u00f3stico de alguma doen\u00e7a e outras situa\u00e7\u00f5es como gesta\u00e7\u00f5es ect\u00f3picas e degenera\u00e7\u00e3o mola.<\/p>\n<p class=\"rtejustify\">A tabela atual do SUS para os procedimentos de curetagem uterina p\u00f3s-aborto ou p\u00f3s-parto, \u00e9 de R$ 179,62; cada valor inclui os gastos com m\u00e9dicos (ginecologista e anestesista) e com o hospital. Multiplicando o valor da tabela pelo n\u00famero mais prov\u00e1vel de curetagens realizadas por aborto provocado, constata-se que o resultado n\u00e3o alcan\u00e7a a quarta parte do valor anunciado: R$ 107.772.000,00.<a id=\"_ednref1\" title=\"\" href=\"http:\/\/jornalosp.arquisp.org.br\/colunas\/r500-milhoes-ou-r-1-bilhaoo-que-realmente-importa#_edn1\" name=\"_ednref1\">[i]<\/a><\/p>\n<div>\n<p class=\"rtejustify\">Quando os n\u00fameros s\u00e3o analisados, n\u00e3o se sustenta o argumento do aborto ser um problema de sa\u00fade p\u00fablica.\u00a0 \u00c9 obrigat\u00f3rio analisar os n\u00fameros autenticados pelo pr\u00f3prio Minist\u00e9rio da Sa\u00fade para conferir a veracidade das not\u00edcias. Defici\u00eancia de informa\u00e7\u00e3o? Estrat\u00e9gia para comover a opini\u00e3o p\u00fablica? Tentativa de manipula\u00e7\u00e3o de nosso c\u00e9rebro e emo\u00e7\u00f5es atrav\u00e9s de n\u00fameros?<\/p>\n<p class=\"rtejustify\">Entre aqueles que defendem a libera\u00e7\u00e3o do aborto, existem aqueles que acreditam ser realmente melhor para a mulher, um direito. Entretanto, n\u00e3o h\u00e1 espa\u00e7o na grande m\u00eddia para se apresentar a realidade da crian\u00e7a em gesta\u00e7\u00e3o, os riscos do aborto a m\u00e9dio e em longo prazo para a mulher e para a sociedade. Sobretudo para a mulher mais pobre. Toda pessoa se questiona pelo sentido da vida e cabe a cada um descobrir individualmente a resposta, por\u00e9m n\u00e3o podemos perder a capacidade de admira\u00e7\u00e3o diante do mist\u00e9rio de cada pessoa humana. O amor \u00e0 vida exige, ao mesmo tempo, a humildade, a escuta e a compaix\u00e3o, por\u00e9m se expressa com a verdade, fortaleza e justi\u00e7a. O que realmente importa?<\/p>\n<\/div>\n<p>Fonte: Jornal o S\u00e3o Paulo<\/p>\n","protected":false},"excerpt":{"rendered":"<p>Elizabeth Kipman Cerqueira O Jornal Folha de S\u00e3o Paulo noticiou na primeira p\u00e1gina da edi\u00e7\u00e3o de domingo, dia 29 de julho, que o SUS gastou R$ 486 milh\u00f5es para tratar complica\u00e7\u00f5es do aborto; refere-se \u00e0 cifra de 75% das 2.100.000 interna\u00e7\u00f5es para curetagem ocorridas de 2008 a 2017. Na exposi\u00e7\u00e3o do tema no caderno Cotidiano [&hellip;]<\/p>\n","protected":false},"author":1,"featured_media":42771,"comment_status":"open","ping_status":"closed","sticky":false,"template":"","format":"standard","meta":{"footnotes":""},"categories":[4],"tags":[],"class_list":["post-42769","post","type-post","status-publish","format-standard","has-post-thumbnail","hentry","category-cotidiano"],"_links":{"self":[{"href":"https:\/\/catolicanet.net\/wp-cnet\/wp-json\/wp\/v2\/posts\/42769","targetHints":{"allow":["GET"]}}],"collection":[{"href":"https:\/\/catolicanet.net\/wp-cnet\/wp-json\/wp\/v2\/posts"}],"about":[{"href":"https:\/\/catolicanet.net\/wp-cnet\/wp-json\/wp\/v2\/types\/post"}],"author":[{"embeddable":true,"href":"https:\/\/catolicanet.net\/wp-cnet\/wp-json\/wp\/v2\/users\/1"}],"replies":[{"embeddable":true,"href":"https:\/\/catolicanet.net\/wp-cnet\/wp-json\/wp\/v2\/comments?post=42769"}],"version-history":[{"count":1,"href":"https:\/\/catolicanet.net\/wp-cnet\/wp-json\/wp\/v2\/posts\/42769\/revisions"}],"predecessor-version":[{"id":42773,"href":"https:\/\/catolicanet.net\/wp-cnet\/wp-json\/wp\/v2\/posts\/42769\/revisions\/42773"}],"wp:featuredmedia":[{"embeddable":true,"href":"https:\/\/catolicanet.net\/wp-cnet\/wp-json\/wp\/v2\/media\/42771"}],"wp:attachment":[{"href":"https:\/\/catolicanet.net\/wp-cnet\/wp-json\/wp\/v2\/media?parent=42769"}],"wp:term":[{"taxonomy":"category","embeddable":true,"href":"https:\/\/catolicanet.net\/wp-cnet\/wp-json\/wp\/v2\/categories?post=42769"},{"taxonomy":"post_tag","embeddable":true,"href":"https:\/\/catolicanet.net\/wp-cnet\/wp-json\/wp\/v2\/tags?post=42769"}],"curies":[{"name":"wp","href":"https:\/\/api.w.org\/{rel}","templated":true}]}}