{"id":42767,"date":"2018-08-07T09:06:29","date_gmt":"2018-08-07T12:06:29","guid":{"rendered":"http:\/\/catolicanet.net\/wp-cnet\/?p=42767"},"modified":"2018-08-07T09:06:29","modified_gmt":"2018-08-07T12:06:29","slug":"colegialidade-e-unidade-na-igreja-de-cristo-jesus","status":"publish","type":"post","link":"https:\/\/catolicanet.net\/wp-cnet\/colegialidade-e-unidade-na-igreja-de-cristo-jesus\/","title":{"rendered":"Colegialidade e unidade na Igreja de Cristo Jesus"},"content":{"rendered":"<p><a href=\"http:\/\/jornalosp.arquisp.org.br\/colunista\/padre-jose-ulisses-leva\">Padre Jos\u00e9 Ulisses Leva<\/a><\/p>\n<article id=\"news\" class=\"noticia-conteudo news\">\n<div id=\"texto-interna\" class=\"noticias-conteudo-text-container\">\n<div class=\"field field-name-body field-type-text-with-summary field-label-hidden\">\n<div class=\"field-items\">\n<div class=\"field-item even\">\n<p class=\"rtejustify\">Ainda no per\u00edodo do Imp\u00e9rio, e sob o Regime do Padroado R\u00e9gio, a Igreja no Brasil e, em particular, a Igreja em S\u00e3o Paulo, em 1851, recebeu Dom Ant\u00f4nio Joaquim de Melo, por decreto do Papa Pio IX, que a governou at\u00e9 1861. Desde a sua chegada na ent\u00e3o Diocese Paulopolitana, o Bispo assumiu uma postura reformadora. Empreendeu visitas pastorais e inaugurou, em 1856, o Semin\u00e1rio Episcopal. Em 1873, assumiu a Diocese Dom Lino Deodato Rodrigues de Carvalho. Em 1888, realizou o s\u00ednodo diocesano, permanecendo at\u00e9 o seu falecimento em Aparecida (SP), em 1894. Em 1890, por ocasi\u00e3o da Proclama\u00e7\u00e3o da Rep\u00fablica, os bispos brasileiros reuniram-se como Confer\u00eancia do Episcopado Brasileiro, em S\u00e3o Paulo, para discutirem e assumirem juntos uma Pastoral Coletiva para a Igreja no Brasil.<\/p>\n<p class=\"rtejustify\">No \u00faltimo quartel do s\u00e9culo XIX, sucederam in\u00fameros fatos pol\u00edticos e acontecimentos sociais que impulsionaram a Igreja a tomar atitudes seguras, sobretudo em rela\u00e7\u00e3o \u00e0 Igreja presente na Am\u00e9rica. Ap\u00f3s o advento da Rep\u00fablica, com a qual ocorreu a separa\u00e7\u00e3o entre Igreja e Estado, e devido \u00e0 chegada de milh\u00f5es de imigrantes cat\u00f3licos no territ\u00f3rio americano, a Igreja, no Pontificado de Le\u00e3o XIII, postulou encontrar imediata solu\u00e7\u00e3o para melhor atender a Igreja presente entre os povos da Am\u00e9rica.<\/p>\n<p class=\"rtejustify\">Mediante a Carta Cum diuturnum , de 25 de dezembro de 1898, o Papa Le\u00e3o XIII convocou o Primeiro Conc\u00edlio Plen\u00e1rio Latino-americano. O Conc\u00edlio ocorreu, em Roma, entre os meses de maio e julho de 1899. A Igreja presente na Am\u00e9rica Latina foi convocada pelo Sucessor de Pedro a viver a Colegialidade e, ao mesmo tempo, manter a unicidade, querida por Cristo Jesus.<\/p>\n<p class=\"rtejustify\">O Papa Le\u00e3o XIII convocou para Roma os bispos que estavam pastoreando as dioceses da Am\u00e9rica Latina, para promover o bem maior da Igreja de Cristo Jesus nessas terras. Do Brasil participaram dois arcebispos e 11 bispos, conforme registros encontrados nos arquivos do Vaticano. O Conc\u00edlio Plen\u00e1rio Latino-americano esteve \u00e0 frente do seu tempo. Anterior \u00e0 maior assembleia sinodal da Igreja, ocorrida entre 1962 e 1965, o Conc\u00edlio Ecum\u00eanico Vaticano II, atualizou o conceito de S\u00ednodo. Atualmente, os S\u00ednodos s\u00e3o sistematicamente realizados na Igreja de Cristo Jesus.<\/p>\n<p class=\"rtejustify\">Estamos vivendo as profundas motiva\u00e7\u00f5es, a alegria e a beleza de caminhar juntos nas proposi\u00e7\u00f5es do primeiro s\u00ednodo arquidiocesano em S\u00e3o Paulo, aberto solenemente por Dom Odilo Pedro Scherer, em 24 de fevereiro de 2018. Servindo- -nos das experi\u00eancias passadas vividas na nossa ent\u00e3o Diocese, em 1888, por ocasi\u00e3o do s\u00ednodo diocesano, em 1890, por ocasi\u00e3o dos bispos brasileiros reunidos para objetivarem uma Pastoral Coletiva, e relembrando o Primeiro Conc\u00edlio Plen\u00e1rio Latino-americano, ocorrido em Roma, em 1899, e os seus 120 anos a serem celebrados em 2019, possamos revisitar e resgatar as assembleias sinodais j\u00e1 realizadas e buscar inspira\u00e7\u00f5es para o hoje da vitalidade da Igreja Paulopolitana, como \u201ccaminho de comunh\u00e3o, convers\u00e3o e renova\u00e7\u00e3o mission\u00e1ria\u201d.<\/p>\n<p>&nbsp;<\/p>\n<\/div>\n<\/div>\n<\/div>\n<\/div>\n<\/article>\n<p>Fonte: Jornal o S\u00e3o Paulo<\/p>\n","protected":false},"excerpt":{"rendered":"<p>Padre Jos\u00e9 Ulisses Leva Ainda no per\u00edodo do Imp\u00e9rio, e sob o Regime do Padroado R\u00e9gio, a Igreja no Brasil e, em particular, a Igreja em S\u00e3o Paulo, em 1851, recebeu Dom Ant\u00f4nio Joaquim de Melo, por decreto do Papa Pio IX, que a governou at\u00e9 1861. Desde a sua chegada na ent\u00e3o Diocese Paulopolitana, [&hellip;]<\/p>\n","protected":false},"author":1,"featured_media":41486,"comment_status":"open","ping_status":"closed","sticky":false,"template":"","format":"standard","meta":{"footnotes":""},"categories":[4],"tags":[],"class_list":["post-42767","post","type-post","status-publish","format-standard","has-post-thumbnail","hentry","category-cotidiano"],"_links":{"self":[{"href":"https:\/\/catolicanet.net\/wp-cnet\/wp-json\/wp\/v2\/posts\/42767","targetHints":{"allow":["GET"]}}],"collection":[{"href":"https:\/\/catolicanet.net\/wp-cnet\/wp-json\/wp\/v2\/posts"}],"about":[{"href":"https:\/\/catolicanet.net\/wp-cnet\/wp-json\/wp\/v2\/types\/post"}],"author":[{"embeddable":true,"href":"https:\/\/catolicanet.net\/wp-cnet\/wp-json\/wp\/v2\/users\/1"}],"replies":[{"embeddable":true,"href":"https:\/\/catolicanet.net\/wp-cnet\/wp-json\/wp\/v2\/comments?post=42767"}],"version-history":[{"count":1,"href":"https:\/\/catolicanet.net\/wp-cnet\/wp-json\/wp\/v2\/posts\/42767\/revisions"}],"predecessor-version":[{"id":42768,"href":"https:\/\/catolicanet.net\/wp-cnet\/wp-json\/wp\/v2\/posts\/42767\/revisions\/42768"}],"wp:featuredmedia":[{"embeddable":true,"href":"https:\/\/catolicanet.net\/wp-cnet\/wp-json\/wp\/v2\/media\/41486"}],"wp:attachment":[{"href":"https:\/\/catolicanet.net\/wp-cnet\/wp-json\/wp\/v2\/media?parent=42767"}],"wp:term":[{"taxonomy":"category","embeddable":true,"href":"https:\/\/catolicanet.net\/wp-cnet\/wp-json\/wp\/v2\/categories?post=42767"},{"taxonomy":"post_tag","embeddable":true,"href":"https:\/\/catolicanet.net\/wp-cnet\/wp-json\/wp\/v2\/tags?post=42767"}],"curies":[{"name":"wp","href":"https:\/\/api.w.org\/{rel}","templated":true}]}}