{"id":42763,"date":"2018-08-11T08:00:20","date_gmt":"2018-08-11T11:00:20","guid":{"rendered":"http:\/\/catolicanet.net\/wp-cnet\/?p=42763"},"modified":"2018-08-07T08:45:43","modified_gmt":"2018-08-07T11:45:43","slug":"o-evangelho-da-familia-alegria-para-o-mundo","status":"publish","type":"post","link":"https:\/\/catolicanet.net\/wp-cnet\/o-evangelho-da-familia-alegria-para-o-mundo\/","title":{"rendered":"O Evangelho da fam\u00edlia alegria para o mundo"},"content":{"rendered":"<p>Semana Nacional da Fam\u00edlia &#8211; 2018<\/p>\n<p>A Semana Nacional da Fam\u00edlia, promovida pela Comiss\u00e3o da Vida e Fam\u00edlia da Confer\u00eancia Nacional dos Bispos do Brasil \u2013 CNBB, que acontecer\u00e1 dos dias 12 a 18 de agosto, \u00e9 um privilegiado momento para refletir sobre a grandeza do projeto de Deus revelado na fam\u00edlia desde a cria\u00e7\u00e3o. O tema proposto para a edi\u00e7\u00e3o de 2018 \u00e9: <em>O Evangelho da Fam\u00edlia, alegria para o mundo<\/em>, que se coloca em plena comunh\u00e3o com outro evento da Igreja: <em>o Encontro Mundial da Fam\u00edlias com o Papa<\/em> que acontecer\u00e1 em Dublin, na Irlanda tamb\u00e9m no m\u00eas de agosto. O tema \u00e9 interessante e abre o horizonte para in\u00fameros aprofundamentos e, por isso, vamos nos debru\u00e7ar sobre algumas ideias para a reflex\u00e3o e para o debate sobre o tema, convicto que o Evangelho da Fam\u00edlia \u00e9 alegria para o mundo.<\/p>\n<p>A fam\u00edlia crist\u00e3 nasce do sacramento do matrimonio institu\u00eddo por Jesus com a sua pr\u00f3pria vida; os crist\u00e3os quando se esposam dizem o <em>sim <\/em>no altar e naquele momento se tornam verdadeira imagem do amor de Cristo e da Igreja; portanto o <em>Evangelho da fam\u00edlia \u00e9 alegria para o mundo<\/em> por que nasce do amor de Cristo e \u00e9, segundo o projeto do Criador, elevado por Ele (Cristo) \u00e0 dignidade de sacramento. O sacramento do matrimonio que se celebra na Igreja anuncia a beleza da celebra\u00e7\u00e3o a vida que dever\u00e3o construir sobre a s\u00f3lida base do sacramento que, contudo, n\u00e3o termina ali, mas continua no quotidiano dos esposos, no quotidiano da comunidade em que s\u00e3o inseridos.<\/p>\n<p>Os sacramentos operam mudan\u00e7as na vida dos homens e, tamb\u00e9m, inaugura novas formas de rela\u00e7\u00e3o com Deus e com os homens. Em especial, aqueles que dizem sim um ao outro n\u00e3o podem mais serem reconhecidos somente de maneira singular; a outra parte se torna carne da carne, e ossos dos ossos e assim s\u00e3o reconhecidos diante de Deus at\u00e9 que a morte os separe. Ora, se Deus que opera o grande milagre de unir duas pessoas e os reconhece como um s\u00f3 corpo e uma s\u00f3 carne, tamb\u00e9m a Igreja e a sociedade assim devem reconhec\u00ea-los. Particularmente a Igreja n\u00e3o somente reconhece a fam\u00edlia como institui\u00e7\u00e3o privilegiada criada por Deus, mas afirma que a fam\u00edlia \u00e9 uma Pequena Igreja Dom\u00e9stica. Do ponto de vista social, no entanto observamos os muitos ataques que se faz contra a institui\u00e7\u00e3o familiar (e temos visto muitos) e n\u00f3s crist\u00e3os temos que lutar contra e, ao mesmo tempo, apresentar a beleza da proposta de Deus para o homem e mulher.<\/p>\n<p>A nova vida, como esposos, inaugurada na recep\u00e7\u00e3o do sacramento do matrimonio, por outro lado, coloca os esposos em privilegiada posi\u00e7\u00e3o na miss\u00e3o da Igreja. A partir do momento que dizem sim, se tornam imagem do amor de Cristo e da Igreja e o modo de viver o matrimonio crist\u00e3o no dia-a-dia \u00e9 an\u00fancio de Cristo no meio da sociedade. Os esposos s\u00e3o testemunhas do Amor, s\u00e3o testemunhas da fidelidade de Deus para com os homens, s\u00e3o testemunhas do perd\u00e3o, s\u00e3o testemunhas da bondade da cria\u00e7\u00e3o e da comunh\u00e3o, e tantas outras realidades em que se descobre e revela Cristo e o Evangelho. \u00c9 necess\u00e1rio recordar sempre que o primeiro lugar de comunica\u00e7\u00e3o do Evangelho foi a fam\u00edlia.<\/p>\n<p>Outro ponto importante para a reflex\u00e3o, encontramos na Exorta\u00e7\u00e3o <em>Amoris Laetitia<\/em>, ao n\u00famero 211, que diz: <em>A pastoral pr\u00e9-matrimonial e matrimonial deve ser uma pastoral do v\u00ednculo. <\/em>O v\u00ednculo, que nasce tamb\u00e9m do sacramento, \u00e9 sagrado e todo o esfor\u00e7o da pastoral da fam\u00edlia deve ser para acompanh\u00e1-lo e sustent\u00e1-lo. O sacramento do matrimonio, salvo particulares exce\u00e7\u00f5es estabelecidas pelo Direito Can\u00f4nico, se recebe publicamente e, por isso, a Igreja, a Comunidade que participa do consentimento \u00e9 tamb\u00e9m respons\u00e1vel pelos matrim\u00f4nios que ali nascem. Seria de particular interesse que em cada par\u00f3quia e cada Diocese tivesse um centro de acompanhamento das fam\u00edlias, n\u00e3o para sustent\u00e1-las somente quando os problemas surgem, mas em toda a caminhada da vida, afinal a Exorta\u00e7\u00e3o <em>Amoris Laetitia<\/em> e todos os documentos da Igreja sobre a fam\u00edlia a veem de maneira positiva e especial, \u00e9 necess\u00e1rio ter consci\u00eancia do dever de sustentar o v\u00ednculo &#8211; lugar onde Deus habita &#8211; para descobrir os tesouros da vida familiar e n\u00e3o esperar os problemas advirem.<\/p>\n<p>Ao viver a Semana Nacional da Fam\u00edlia, ap\u00f3s a comemora\u00e7\u00e3o do Dia dos Pais, somos chamados a trabalhar juntos nessa pastoral e em especial nesta semana, todos os movimentos, associa\u00e7\u00f5es, pastorais ligadas a fam\u00edlia para propor ao mundo a verdadeira face crist\u00e3 da fam\u00edlia. Que nesta semana especial possa ser ainda mais aprofundado \u201cO Evangelho da fam\u00edlia\u201d que \u00e9 alegria para o mundo e isso porque \u00e9 sacramento; porque \u00e9 vida nova doada por Cristo segundo o projeto de Deus, porque tem posi\u00e7\u00e3o privilegiada na miss\u00e3o da Igreja uma vez que testemunha o amor de Cristo e da Igreja no meio da sociedade e, por fim, \u00e9 uma institui\u00e7\u00e3o da qual todos os cat\u00f3licos s\u00e3o respons\u00e1veis em acompanhar e sustentar. Desejo a todos, por intercess\u00e3o da Sagrada Fam\u00edlia de Nazar\u00e9, uma excelente Semana da Fam\u00edlia!<\/p>\n","protected":false},"excerpt":{"rendered":"<p>Semana Nacional da Fam\u00edlia &#8211; 2018 A Semana Nacional da Fam\u00edlia, promovida pela Comiss\u00e3o da Vida e Fam\u00edlia da Confer\u00eancia Nacional dos Bispos do Brasil \u2013 CNBB, que acontecer\u00e1 dos dias 12 a 18 de agosto, \u00e9 um privilegiado momento para refletir sobre a grandeza do projeto de Deus revelado na fam\u00edlia desde a cria\u00e7\u00e3o. [&hellip;]<\/p>\n","protected":false},"author":5,"featured_media":32777,"comment_status":"open","ping_status":"closed","sticky":false,"template":"","format":"standard","meta":{"footnotes":""},"categories":[9],"tags":[],"class_list":["post-42763","post","type-post","status-publish","format-standard","has-post-thumbnail","hentry","category-artigos"],"_links":{"self":[{"href":"https:\/\/catolicanet.net\/wp-cnet\/wp-json\/wp\/v2\/posts\/42763","targetHints":{"allow":["GET"]}}],"collection":[{"href":"https:\/\/catolicanet.net\/wp-cnet\/wp-json\/wp\/v2\/posts"}],"about":[{"href":"https:\/\/catolicanet.net\/wp-cnet\/wp-json\/wp\/v2\/types\/post"}],"author":[{"embeddable":true,"href":"https:\/\/catolicanet.net\/wp-cnet\/wp-json\/wp\/v2\/users\/5"}],"replies":[{"embeddable":true,"href":"https:\/\/catolicanet.net\/wp-cnet\/wp-json\/wp\/v2\/comments?post=42763"}],"version-history":[{"count":1,"href":"https:\/\/catolicanet.net\/wp-cnet\/wp-json\/wp\/v2\/posts\/42763\/revisions"}],"predecessor-version":[{"id":42764,"href":"https:\/\/catolicanet.net\/wp-cnet\/wp-json\/wp\/v2\/posts\/42763\/revisions\/42764"}],"wp:featuredmedia":[{"embeddable":true,"href":"https:\/\/catolicanet.net\/wp-cnet\/wp-json\/wp\/v2\/media\/32777"}],"wp:attachment":[{"href":"https:\/\/catolicanet.net\/wp-cnet\/wp-json\/wp\/v2\/media?parent=42763"}],"wp:term":[{"taxonomy":"category","embeddable":true,"href":"https:\/\/catolicanet.net\/wp-cnet\/wp-json\/wp\/v2\/categories?post=42763"},{"taxonomy":"post_tag","embeddable":true,"href":"https:\/\/catolicanet.net\/wp-cnet\/wp-json\/wp\/v2\/tags?post=42763"}],"curies":[{"name":"wp","href":"https:\/\/api.w.org\/{rel}","templated":true}]}}