{"id":4273,"date":"2014-02-21T17:02:12","date_gmt":"2014-02-21T20:02:12","guid":{"rendered":"http:\/\/catolicanet.net\/wp-cnet\/clero-de-uniao-da-vitoria-participa-de-retiro\/"},"modified":"2017-04-04T16:33:16","modified_gmt":"2017-04-04T19:33:16","slug":"clero-de-uniao-da-vitoria-participa-de-retiro","status":"publish","type":"post","link":"https:\/\/catolicanet.net\/wp-cnet\/clero-de-uniao-da-vitoria-participa-de-retiro\/","title":{"rendered":"Clero de Uni\u00e3o da Vit\u00f3ria participa de retiro"},"content":{"rendered":"<p style=\"text-align: justify;\"><img decoding=\"async\" src=\"http:\/\/catolicanet.com.br\/images\/stories\/retirodoclerosul2.jpg\" border=\"0\" align=\"left\" \/>O bispo de Uni\u00e3o da Vit\u00f3ria (PR), dom Jo\u00e3o Bosco Barbosa de Sousa, participou de retiro com o clero da diocese entre os dias 10 e 13 de fevereiro, em Ponta Grossa (PR). O arcebispo em\u00e9rito de S\u00e3o Paulo, cardeal Cl\u00e1udio Hummes, tamb\u00e9m esteve presente.<\/p>\n<p>A Exorta\u00e7\u00e3o apost\u00f3lica do papa Francisco, Evangelli Gaudium, foi a base da reflex\u00e3o no encontro. O an\u00fancio do Evangelho e a dimens\u00e3o social da evangeliza\u00e7\u00e3o foram os temas do documento em destaque.<\/p>\n<p>Para o cardeal Cl\u00e1udio Hummes, o tempo de pausa \u00e9 uma oportunidade para o clero se aproximar mais de Deus. \u201c\u00c9 um momento de conduzi-los a um encontro mais \u00edntimo com o Senhor de uma forma mais intensa, \u00e9 momento de renovar esse encontro\u201d, afirmou.<\/p>\n<p>Al\u00e9m do bispo diocesano, dom Jo\u00e3o Bosco Barbosa, e o arcebispo em\u00e9rito de S\u00e3o Paulo, cardeal Cl\u00e1udio Hummes, estiveram presentes 36 padres e dois di\u00e1conos.<\/p>\n<p>\u00a0<\/p>\n<p><strong>Fonte:<\/strong> CNBB<\/p>\n","protected":false},"excerpt":{"rendered":"<p>O bispo de Uni\u00e3o da Vit\u00f3ria (PR), dom Jo\u00e3o Bosco Barbosa de Sousa, participou de retiro com o clero da diocese entre os dias 10 e 13 de fevereiro, em Ponta Grossa (PR). O arcebispo em\u00e9rito de S\u00e3o Paulo, cardeal Cl\u00e1udio Hummes, tamb\u00e9m esteve presente. A Exorta\u00e7\u00e3o apost\u00f3lica do papa Francisco, Evangelli Gaudium, foi a [&hellip;]<\/p>\n","protected":false},"author":1,"featured_media":0,"comment_status":"closed","ping_status":"closed","sticky":false,"template":"","format":"standard","meta":{"footnotes":""},"categories":[7],"tags":[],"class_list":["post-4273","post","type-post","status-publish","format-standard","hentry","category-cnbb"],"_links":{"self":[{"href":"https:\/\/catolicanet.net\/wp-cnet\/wp-json\/wp\/v2\/posts\/4273","targetHints":{"allow":["GET"]}}],"collection":[{"href":"https:\/\/catolicanet.net\/wp-cnet\/wp-json\/wp\/v2\/posts"}],"about":[{"href":"https:\/\/catolicanet.net\/wp-cnet\/wp-json\/wp\/v2\/types\/post"}],"author":[{"embeddable":true,"href":"https:\/\/catolicanet.net\/wp-cnet\/wp-json\/wp\/v2\/users\/1"}],"replies":[{"embeddable":true,"href":"https:\/\/catolicanet.net\/wp-cnet\/wp-json\/wp\/v2\/comments?post=4273"}],"version-history":[{"count":1,"href":"https:\/\/catolicanet.net\/wp-cnet\/wp-json\/wp\/v2\/posts\/4273\/revisions"}],"predecessor-version":[{"id":9230,"href":"https:\/\/catolicanet.net\/wp-cnet\/wp-json\/wp\/v2\/posts\/4273\/revisions\/9230"}],"wp:attachment":[{"href":"https:\/\/catolicanet.net\/wp-cnet\/wp-json\/wp\/v2\/media?parent=4273"}],"wp:term":[{"taxonomy":"category","embeddable":true,"href":"https:\/\/catolicanet.net\/wp-cnet\/wp-json\/wp\/v2\/categories?post=4273"},{"taxonomy":"post_tag","embeddable":true,"href":"https:\/\/catolicanet.net\/wp-cnet\/wp-json\/wp\/v2\/tags?post=4273"}],"curies":[{"name":"wp","href":"https:\/\/api.w.org\/{rel}","templated":true}]}}