{"id":4271,"date":"2014-02-21T16:53:17","date_gmt":"2014-02-21T19:53:17","guid":{"rendered":"http:\/\/catolicanet.net\/wp-cnet\/cardeal-damasceno-e-nomeado-para-a-presidencia-do-sinodo\/"},"modified":"2017-04-04T16:34:11","modified_gmt":"2017-04-04T19:34:11","slug":"cardeal-damasceno-e-nomeado-para-a-presidencia-do-sinodo","status":"publish","type":"post","link":"https:\/\/catolicanet.net\/wp-cnet\/cardeal-damasceno-e-nomeado-para-a-presidencia-do-sinodo\/","title":{"rendered":"Cardeal Damasceno \u00e9 nomeado para a presid\u00eancia do S\u00ednodo"},"content":{"rendered":"<p style=\"text-align: justify;\">\n<p><img decoding=\"async\" src=\"http:\/\/catolicanet.com.br\/images\/stories\/cardeais nomeados.jpg\" border=\"0\" align=\"left\" \/>O papa Francisco nomeou hoje, 21, o arcebispo de Aparecida (SP) e presidente da CNBB, cardeal Raymundo Damasceno Assis, para a presid\u00eancia do S\u00ednodo Extraordin\u00e1rio sobre a Fam\u00edlia, que ocorrer\u00e1 de 9 a 15 de outubro, no Vaticano.<\/p>\n<p>Foram nomeados tamb\u00e9m para compor a presid\u00eancia do S\u00ednodo Extraordin\u00e1rio: o arcebispo de Paris, cardeal Andr\u00e9 Vingt-Trois (ao centro), e o arcebispo de Manila, cardeal Luis Antonio Tagle (\u00e0 direita). Os tr\u00eas cardeais ser\u00e3o respons\u00e1veis por acompanhar a prepara\u00e7\u00e3o dos trabalhos do S\u00ednodo que tratar\u00e1 dos desafios pastorais da fam\u00edlia, no contexto da evangeliza\u00e7\u00e3o.<\/p>\n<p>No ano passado, o papa enviou \u00e0s par\u00f3quias de todo o mundo o \u201cDocumento Preparat\u00f3rio\u201d do pr\u00f3ximo S\u00ednodo, com 35 quest\u00f5es, sobre a fam\u00edlia. As Confer\u00eancias Episcopais j\u00e1 repassaram as contribui\u00e7\u00f5es ao Vaticano.<\/p>\n<p style=\"text-align: justify;\">\u00a0<\/p>\n<p style=\"text-align: justify;\">\u00a0<\/p>\n<p style=\"text-align: justify;\"><strong>Fonte:<\/strong> CNBB<\/p>\n","protected":false},"excerpt":{"rendered":"<p>O papa Francisco nomeou hoje, 21, o arcebispo de Aparecida (SP) e presidente da CNBB, cardeal Raymundo Damasceno Assis, para a presid\u00eancia do S\u00ednodo Extraordin\u00e1rio sobre a Fam\u00edlia, que ocorrer\u00e1 de 9 a 15 de outubro, no Vaticano. Foram nomeados tamb\u00e9m para compor a presid\u00eancia do S\u00ednodo Extraordin\u00e1rio: o arcebispo de Paris, cardeal Andr\u00e9 Vingt-Trois [&hellip;]<\/p>\n","protected":false},"author":1,"featured_media":0,"comment_status":"closed","ping_status":"closed","sticky":false,"template":"","format":"standard","meta":{"footnotes":""},"categories":[7],"tags":[],"class_list":["post-4271","post","type-post","status-publish","format-standard","hentry","category-cnbb"],"_links":{"self":[{"href":"https:\/\/catolicanet.net\/wp-cnet\/wp-json\/wp\/v2\/posts\/4271","targetHints":{"allow":["GET"]}}],"collection":[{"href":"https:\/\/catolicanet.net\/wp-cnet\/wp-json\/wp\/v2\/posts"}],"about":[{"href":"https:\/\/catolicanet.net\/wp-cnet\/wp-json\/wp\/v2\/types\/post"}],"author":[{"embeddable":true,"href":"https:\/\/catolicanet.net\/wp-cnet\/wp-json\/wp\/v2\/users\/1"}],"replies":[{"embeddable":true,"href":"https:\/\/catolicanet.net\/wp-cnet\/wp-json\/wp\/v2\/comments?post=4271"}],"version-history":[{"count":1,"href":"https:\/\/catolicanet.net\/wp-cnet\/wp-json\/wp\/v2\/posts\/4271\/revisions"}],"predecessor-version":[{"id":9232,"href":"https:\/\/catolicanet.net\/wp-cnet\/wp-json\/wp\/v2\/posts\/4271\/revisions\/9232"}],"wp:attachment":[{"href":"https:\/\/catolicanet.net\/wp-cnet\/wp-json\/wp\/v2\/media?parent=4271"}],"wp:term":[{"taxonomy":"category","embeddable":true,"href":"https:\/\/catolicanet.net\/wp-cnet\/wp-json\/wp\/v2\/categories?post=4271"},{"taxonomy":"post_tag","embeddable":true,"href":"https:\/\/catolicanet.net\/wp-cnet\/wp-json\/wp\/v2\/tags?post=4271"}],"curies":[{"name":"wp","href":"https:\/\/api.w.org\/{rel}","templated":true}]}}