{"id":4270,"date":"2014-02-21T12:57:06","date_gmt":"2014-02-21T15:57:06","guid":{"rendered":"http:\/\/catolicanet.net\/wp-cnet\/pensamento-do-dia-24\/"},"modified":"2017-04-04T16:34:23","modified_gmt":"2017-04-04T19:34:23","slug":"pensamento-do-dia-24","status":"publish","type":"post","link":"https:\/\/catolicanet.net\/wp-cnet\/pensamento-do-dia-24\/","title":{"rendered":"Pensamento do dia"},"content":{"rendered":"<p style=\"text-align: center;\"><img decoding=\"async\" src=\"http:\/\/catolicanet.com.br\/images\/stories\/pensamento.png\" border=\"0\" \/><\/p>\n<p>\u201cConsidero mais valente aquele que vence <br \/>seus desejos do que aquele que vence seus inimigos; <br \/>pois a vit\u00f3ria mais dif\u00edcil <br \/>\u00e9 a vit\u00f3ria sobre si mesmo.\u201d <\/p>\n<p><strong>(Arist\u00f3teles)<\/strong><\/p>\n","protected":false},"excerpt":{"rendered":"<p>\u201cConsidero mais valente aquele que vence seus desejos do que aquele que vence seus inimigos; pois a vit\u00f3ria mais dif\u00edcil \u00e9 a vit\u00f3ria sobre si mesmo.\u201d (Arist\u00f3teles)<\/p>\n","protected":false},"author":1,"featured_media":0,"comment_status":"closed","ping_status":"closed","sticky":false,"template":"","format":"standard","meta":{"footnotes":""},"categories":[4],"tags":[],"class_list":["post-4270","post","type-post","status-publish","format-standard","hentry","category-cotidiano"],"_links":{"self":[{"href":"https:\/\/catolicanet.net\/wp-cnet\/wp-json\/wp\/v2\/posts\/4270","targetHints":{"allow":["GET"]}}],"collection":[{"href":"https:\/\/catolicanet.net\/wp-cnet\/wp-json\/wp\/v2\/posts"}],"about":[{"href":"https:\/\/catolicanet.net\/wp-cnet\/wp-json\/wp\/v2\/types\/post"}],"author":[{"embeddable":true,"href":"https:\/\/catolicanet.net\/wp-cnet\/wp-json\/wp\/v2\/users\/1"}],"replies":[{"embeddable":true,"href":"https:\/\/catolicanet.net\/wp-cnet\/wp-json\/wp\/v2\/comments?post=4270"}],"version-history":[{"count":1,"href":"https:\/\/catolicanet.net\/wp-cnet\/wp-json\/wp\/v2\/posts\/4270\/revisions"}],"predecessor-version":[{"id":9233,"href":"https:\/\/catolicanet.net\/wp-cnet\/wp-json\/wp\/v2\/posts\/4270\/revisions\/9233"}],"wp:attachment":[{"href":"https:\/\/catolicanet.net\/wp-cnet\/wp-json\/wp\/v2\/media?parent=4270"}],"wp:term":[{"taxonomy":"category","embeddable":true,"href":"https:\/\/catolicanet.net\/wp-cnet\/wp-json\/wp\/v2\/categories?post=4270"},{"taxonomy":"post_tag","embeddable":true,"href":"https:\/\/catolicanet.net\/wp-cnet\/wp-json\/wp\/v2\/tags?post=4270"}],"curies":[{"name":"wp","href":"https:\/\/api.w.org\/{rel}","templated":true}]}}