{"id":42694,"date":"2018-08-03T16:00:48","date_gmt":"2018-08-03T19:00:48","guid":{"rendered":"http:\/\/catolicanet.net\/wp-cnet\/?p=42694"},"modified":"2018-08-03T16:07:52","modified_gmt":"2018-08-03T19:07:52","slug":"video-mensagem-do-papa-com-intencao-de-oracao-para-agosto","status":"publish","type":"post","link":"https:\/\/catolicanet.net\/wp-cnet\/video-mensagem-do-papa-com-intencao-de-oracao-para-agosto\/","title":{"rendered":"V\u00eddeo-mensagem do Papa com inten\u00e7\u00e3o de ora\u00e7\u00e3o para agosto"},"content":{"rendered":"<div class=\"article__subTitle\">&#8220;As fam\u00edlias, um tesouro&#8221;: &#8220;Ao falar das fam\u00edlias, muitas vezes me vem \u00e0 mente a imagem de um tesouro. O ritmo de vida atual, o estresse, a press\u00e3o do trabalho e tamb\u00e9m a pouca aten\u00e7\u00e3o das institui\u00e7\u00f5es podem coloc\u00e1-las em perigo&#8221;, afirma Francisco.<\/div>\n<div class=\"title__separator\"><\/div>\n<div class=\"article__text\">\n<p><b>Cidade do Vaticano<\/b><\/p>\n<p>O Santo Padre prop\u00f5e ao Apostolado da Ora\u00e7\u00e3o, neste m\u00eas de agosto, uma v\u00eddeo-mensagem intitulada: \u201c<i>As fam\u00edlias, um tesouro<\/i>\u201d.<\/p>\n<p>Por isso, o Papa prop\u00f5e a seguinte inten\u00e7\u00e3o Universal para este m\u00eas de agosto: \u201c<i>Para que as grandes escolhas econ\u00f4micas e pol\u00edticas protejam as fam\u00edlias como um tesouro da humanidade<\/i>\u201d.<\/p>\n<p><iframe loading=\"lazy\" width=\"696\" height=\"392\" src=\"https:\/\/www.youtube.com\/embed\/sBe5lwZjOSo?feature=oembed\" frameborder=\"0\" allow=\"autoplay; encrypted-media\" allowfullscreen><\/iframe><\/p>\n<div>\n<div class=\"article__embed article__embed--unwrap article__embed--dark\">\n<div class=\"article__innerTitle\">V\u00eddeo-mensagem: &#8220;As fam\u00edlias, um tesouro&#8221;<\/div>\n<\/div>\n<\/div>\n<h2><b>V\u00eddeo-mensagem<\/b><\/h2>\n<p>Na sua v\u00eddeo-mensagem, Francisco afirma: \u00abAo falar das fam\u00edlias, muitas vezes me vem \u00e0 mente a imagem de um tesouro. O ritmo de vida atual, o estresse, a press\u00e3o do trabalho e tamb\u00e9m a pouca aten\u00e7\u00e3o das institui\u00e7\u00f5es podem coloc\u00e1-las em perigo.<\/p>\n<p>N\u00e3o \u00e9 suficiente falar da sua import\u00e2ncia; mas \u00e9 preciso propor medidas concretas e desenvolver seu papel na sociedade, mediante uma boa pol\u00edtica familiar.<\/p>\n<p>Pe\u00e7amos juntos, a Jesus, para que as grandes escolhas econ\u00f4micas e pol\u00edticas protejam a fam\u00edlia como um tesouro da humanidade\u00bb.<\/p>\n<h2><b>Semana da Fam\u00edlia<\/b><\/h2>\n<p>Em sintonia com a v\u00eddeo-mensagem do Papa para o Apostolado da Ora\u00e7\u00e3o, a Igreja no Brasil tamb\u00e9m ir\u00e1 celebrar a Semana Nacional da Fam\u00edlia, de 12 a 18 pr\u00f3ximos, sobre o tema \u201c<i>O Evangelho da Fam\u00edlia, alegria para o mundo<\/i>\u201d em prepara\u00e7\u00e3o ao IX Encontro mundial da Fam\u00edlia a realizar-se em Dublin, na Irlanda, de 22 a 26 de agosto.<\/p>\n<p>Falando sobre o tema central da Semana da Fam\u00edlia, o bispo de Osasco (SP) e Presidente da Comiss\u00e3o Episcopal da Pastoral para a Vida e a Fam\u00edlia da CNBB, Dom Jo\u00e3o Bosco Barbosa de Sousa afirma: \u201cO <i>Evangelho da Fam\u00edlia<\/i> ressalta o lado positivo da Fam\u00edlia, como boa not\u00edcia, como bem, como dom de Deus\u201d. A segunda parte do tema \u201c<i>alegria para o mundo\u201d,<\/i> acentua o fato de que ser fam\u00edlia n\u00e3o \u00e9 um aspecto doutrinal, um valor apenas para crist\u00e3os ou pessoas religiosas, mas uma riqueza para o mundo e para toda a humanidade\u201d.<\/p>\n<h2><b>Encontro Mundial das Fam\u00edlias<\/b><\/h2>\n<p>De fato, de 22 a 26 de agosto, ter\u00e1 lugar em Dublin, Irlanda, o IX Encontro Mundial das Fam\u00edlias na presen\u00e7a do Papa Francisco.<\/p>\n<p>A este respeito, Dom Jo\u00e3o Bosco faz votos de que \u201ceste encontro possa refor\u00e7ar o trabalho de evangeliza\u00e7\u00e3o, realizado pela Pastoral Familiar; esclarecer quest\u00f5es e chamar a aten\u00e7\u00e3o de todos para a import\u00e2ncia da fam\u00edlia, institu\u00edda segundo a vontade de Deus, a fim de que se torne \u201calegria para o mundo\u201d.<\/p>\n<p>O Brasil estar\u00e1 representado no Encontro Mundial da Fam\u00edlia, em Dublin, al\u00e9m das numerosas fam\u00edlias inscritas, por Dom Jo\u00e3o Bosco, Presidente da Comiss\u00e3o para a Vida e Fam\u00edlia da CNBB, o assessor nacional da Comiss\u00e3o, Padre Jorge Alves Filho, e o casal coordenador da Pastoral nacional Familiar, Luiz Zilfredo e Carmen Rodrigues Stolf. (<i>Not\u00edcias da CNBB<\/i>)<\/p>\n<div>\n<div class=\"article__embed article__embed--unwrap article__embed--dark\">\n<div class=\"article__innerTitle\">Ou\u00e7a e compartilhe!<\/div>\n<\/div>\n<\/div>\n<\/div>\n<div>\n<!--[if lt IE 9]><script>document.createElement('audio');<\/script><![endif]-->\n<audio class=\"wp-audio-shortcode\" id=\"audio-42694-1\" preload=\"none\" style=\"width: 100%;\" controls=\"controls\"><source type=\"audio\/mpeg\" src=\"https:\/\/media.vaticannews.va\/media\/audio\/s1\/2018\/8\/2\/17\/134561784_F134561784.mp3?_=1\" \/><a href=\"https:\/\/media.vaticannews.va\/media\/audio\/s1\/2018\/8\/2\/17\/134561784_F134561784.mp3\">https:\/\/media.vaticannews.va\/media\/audio\/s1\/2018\/8\/2\/17\/134561784_F134561784.mp3<\/a><\/audio>\n<\/div>\n<div><\/div>\n<div>Fonte: R\u00e1dio Vaticano<\/div>\n<div class=\"article__text\">\n<div>\n<div><\/div>\n<\/div>\n<\/div>\n","protected":false},"excerpt":{"rendered":"<p>&#8220;As fam\u00edlias, um tesouro&#8221;: &#8220;Ao falar das fam\u00edlias, muitas vezes me vem \u00e0 mente a imagem de um tesouro. O ritmo de vida atual, o estresse, a press\u00e3o do trabalho e tamb\u00e9m a pouca aten\u00e7\u00e3o das institui\u00e7\u00f5es podem coloc\u00e1-las em perigo&#8221;, afirma Francisco. Cidade do Vaticano O Santo Padre prop\u00f5e ao Apostolado da Ora\u00e7\u00e3o, neste [&hellip;]<\/p>\n","protected":false},"author":1,"featured_media":42697,"comment_status":"open","ping_status":"closed","sticky":false,"template":"","format":"standard","meta":{"footnotes":""},"categories":[3],"tags":[],"class_list":["post-42694","post","type-post","status-publish","format-standard","has-post-thumbnail","hentry","category-vaticano"],"_links":{"self":[{"href":"https:\/\/catolicanet.net\/wp-cnet\/wp-json\/wp\/v2\/posts\/42694","targetHints":{"allow":["GET"]}}],"collection":[{"href":"https:\/\/catolicanet.net\/wp-cnet\/wp-json\/wp\/v2\/posts"}],"about":[{"href":"https:\/\/catolicanet.net\/wp-cnet\/wp-json\/wp\/v2\/types\/post"}],"author":[{"embeddable":true,"href":"https:\/\/catolicanet.net\/wp-cnet\/wp-json\/wp\/v2\/users\/1"}],"replies":[{"embeddable":true,"href":"https:\/\/catolicanet.net\/wp-cnet\/wp-json\/wp\/v2\/comments?post=42694"}],"version-history":[{"count":3,"href":"https:\/\/catolicanet.net\/wp-cnet\/wp-json\/wp\/v2\/posts\/42694\/revisions"}],"predecessor-version":[{"id":42698,"href":"https:\/\/catolicanet.net\/wp-cnet\/wp-json\/wp\/v2\/posts\/42694\/revisions\/42698"}],"wp:featuredmedia":[{"embeddable":true,"href":"https:\/\/catolicanet.net\/wp-cnet\/wp-json\/wp\/v2\/media\/42697"}],"wp:attachment":[{"href":"https:\/\/catolicanet.net\/wp-cnet\/wp-json\/wp\/v2\/media?parent=42694"}],"wp:term":[{"taxonomy":"category","embeddable":true,"href":"https:\/\/catolicanet.net\/wp-cnet\/wp-json\/wp\/v2\/categories?post=42694"},{"taxonomy":"post_tag","embeddable":true,"href":"https:\/\/catolicanet.net\/wp-cnet\/wp-json\/wp\/v2\/tags?post=42694"}],"curies":[{"name":"wp","href":"https:\/\/api.w.org\/{rel}","templated":true}]}}