{"id":42659,"date":"2018-08-02T13:55:12","date_gmt":"2018-08-02T16:55:12","guid":{"rendered":"http:\/\/catolicanet.net\/wp-cnet\/?p=42659"},"modified":"2018-08-02T13:55:12","modified_gmt":"2018-08-02T16:55:12","slug":"talentos-esperanca-e-politica","status":"publish","type":"post","link":"https:\/\/catolicanet.net\/wp-cnet\/talentos-esperanca-e-politica\/","title":{"rendered":"Talentos, esperan\u00e7a e pol\u00edtica"},"content":{"rendered":"<p><a href=\"http:\/\/jornalosp.arquisp.org.br\/colunista\/jose-mario-brasiliense\">Jos\u00e9 Mario Brasiliense<\/a><\/p>\n<article id=\"news\" class=\"noticia-conteudo news\">\n<div id=\"texto-interna\" class=\"noticias-conteudo-text-container\">\n<div class=\"field field-name-body field-type-text-with-summary field-label-hidden\">\n<div class=\"field-items\">\n<div class=\"field-item even\">\n<p class=\"rtejustify\">S\u00e3o Mateus escreve: \u201cDe fato, sucede como um homem que, ao partir em viagem, chamou os seus servos e lhes confiou seus bens. A um entregou cinco talentos, a outro, dois, a outro, um s\u00f3, cada um de acordo com suas capacidades; depois partiu\u201d (Mt 25, 14-15).<\/p>\n<p class=\"rtejustify\">Deus d\u00e1 talentos \u00e0s pessoas para que possam colaborar com Ele na obra da Cria\u00e7\u00e3o, segundo suas singulares condi\u00e7\u00f5es. Com palavras, gestos e a\u00e7\u00f5es criativas, respondemos ao amor de Deus fazendo coisas boas, belas e verdadeiras com vistas ao bem comum.<\/p>\n<p class=\"rtejustify\">O Criador se afastou da Cria\u00e7\u00e3o dando autonomia \u00e0s criaturas, mas logo enviou Seu Filho Jesus Cristo como redentor e mestre para corrigir nossos desvios. O carpinteiro Emanuel, Deus conosco, nos ensina a trabalhar no cotidiano ordin\u00e1rio da vida.<\/p>\n<p class=\"rtejustify\">Com a fecundidade do Esp\u00edrito Santo, multiplicamos os bens por dois, tr\u00eas, cinco ou mil. Uma crian\u00e7a faz seu desenho, uma m\u00e3e um prato saboroso, um jovem uma bela poesia, uma av\u00f3 um interessante relato da hist\u00f3ria.<\/p>\n<p class=\"rtejustify\">O convite irrecus\u00e1vel do Criador para que sejamos coautores da Cria\u00e7\u00e3o vem carregado da esperan\u00e7a que Ele mesmo repousa em n\u00f3s. Gra\u00e7as ao dom do amor e do perd\u00e3o, podemos, tamb\u00e9m n\u00f3s, lan\u00e7ar um olhar de esperan\u00e7a sobre os demais, em qualquer \u00e2mbito de nossa exist\u00eancia.<\/p>\n<p class=\"rtejustify\">Na \u00faltima semana de junho, pude vivenciar duas situa\u00e7\u00f5es muito especiais e cheias dessa esperan\u00e7a. A inaugura\u00e7\u00e3o da Escola de Prefeitos da Oficina Municipal e da Funda\u00e7\u00e3o Konrad Adenauer e o Semin\u00e1rio sobre Esperan\u00e7a e Pol\u00edtica, da Companhia das Obras, ligada ao Movimento Comunh\u00e3o e Liberta\u00e7\u00e3o.<\/p>\n<p class=\"rtejustify\">Nos dois eventos, as an\u00e1lises se voltaram, de modo especial, \u00e0s pessoas e \u00e0s comunidades locais. Nas comunidades surgem inova\u00e7\u00f5es organizacionais, superam-se h\u00e1bitos da antiga pol\u00edtica e se faz bom uso da t\u00e9cnica gerencial.<\/p>\n<p class=\"rtejustify\">A combina\u00e7\u00e3o desses ingredientes na medida justa se d\u00e1 por meio do di\u00e1logo e da concilia\u00e7\u00e3o entre interesses. A din\u00e2mica da vida pol\u00edtica comunit\u00e1ria conduz \u00e0 justi\u00e7a e \u00e0 paz entre as pessoas e os grupos sociais.<\/p>\n<p class=\"rtejustify\">Na enc\u00edclica <em>Caritas in Veritate<\/em> (CV), Bento XVI nos ensina, que\u00a0em todas as culturas existem \u201csingulares e variadas converg\u00eancias \u00e9ticas, express\u00e3o de uma mesma natureza humana querida pelo Criador,\u00a0que a sabedoria \u00e9tica da humanidade chama lei natural\u201d (CV 59).<\/p>\n<p class=\"rtejustify\">Prossegue o Papa Em\u00e9rito afirmando que \u201cesta lei moral universal \u00e9 um fundamento firme de todo o di\u00e1logo cultural, religioso e pol\u00edtico\u201d (grifo nosso). H\u00e1, portanto, uma base na qual todos podemos nos apoiar como fundamento da pol\u00edtica, independentemente de nossas cren\u00e7as ou ideologias.<\/p>\n<p class=\"rtejustify\">O Papa Bento XVI ensina, ainda, que essa base existe e permite que o \u201cmultiforme pluralismo das v\u00e1rias culturas n\u00e3o se desvie da busca comum da verdade, do bem e de Deus. Por isso, a ades\u00e3o a esta lei escrita nos cora\u00e7\u00f5es \u00e9 o pressuposto de qualquer colabora\u00e7\u00e3o social construtiva.\u201d (CV 59)<\/p>\n<p class=\"rtejustify\">Nessa perspectiva, poder\u00edamos dizer que os talentos, a esperan\u00e7a e a pol\u00edtica podem ser vistos como tr\u00eas fios que se entrela\u00e7am nas m\u00e3os dos filhos de Deus. Uma corda com a densidade necess\u00e1ria para nos arrancar do fosso da crise pol\u00edtica em que nos encontramos.<\/p>\n<p class=\"rtejustify\">Na outra ponta da corda est\u00e1 aquele Senhor que partiu em viagem mas nunca nos abandonou. Ao atravessar as sombras da falsidade e da crise institucional, o amor na verdade ir\u00e1 prevalecer, tamb\u00e9m em \u00e2mbito pol\u00edtico.<\/p>\n<address><sup>As opini\u00f5es expressas na se\u00e7\u00e3o \u201cOpini\u00e3o\u201d s\u00e3o de responsabilidade do autor e n\u00e3o refletem, necessariamente, os posicionamentos editorais do jornal <strong>O S\u00c3O PAULO<\/strong>.\u00a0<\/sup><\/address>\n<\/div>\n<\/div>\n<\/div>\n<\/div>\n<\/article>\n<div class=\"_paginacao-inner-container\"><\/div>\n<div>Fonte: <sup>jornal <strong>O S\u00c3O PAULO<\/strong>.<\/sup><\/div>\n","protected":false},"excerpt":{"rendered":"<p>Jos\u00e9 Mario Brasiliense S\u00e3o Mateus escreve: \u201cDe fato, sucede como um homem que, ao partir em viagem, chamou os seus servos e lhes confiou seus bens. A um entregou cinco talentos, a outro, dois, a outro, um s\u00f3, cada um de acordo com suas capacidades; depois partiu\u201d (Mt 25, 14-15). Deus d\u00e1 talentos \u00e0s pessoas [&hellip;]<\/p>\n","protected":false},"author":1,"featured_media":42660,"comment_status":"open","ping_status":"closed","sticky":false,"template":"","format":"standard","meta":{"footnotes":""},"categories":[4],"tags":[],"class_list":["post-42659","post","type-post","status-publish","format-standard","has-post-thumbnail","hentry","category-cotidiano"],"_links":{"self":[{"href":"https:\/\/catolicanet.net\/wp-cnet\/wp-json\/wp\/v2\/posts\/42659","targetHints":{"allow":["GET"]}}],"collection":[{"href":"https:\/\/catolicanet.net\/wp-cnet\/wp-json\/wp\/v2\/posts"}],"about":[{"href":"https:\/\/catolicanet.net\/wp-cnet\/wp-json\/wp\/v2\/types\/post"}],"author":[{"embeddable":true,"href":"https:\/\/catolicanet.net\/wp-cnet\/wp-json\/wp\/v2\/users\/1"}],"replies":[{"embeddable":true,"href":"https:\/\/catolicanet.net\/wp-cnet\/wp-json\/wp\/v2\/comments?post=42659"}],"version-history":[{"count":1,"href":"https:\/\/catolicanet.net\/wp-cnet\/wp-json\/wp\/v2\/posts\/42659\/revisions"}],"predecessor-version":[{"id":42661,"href":"https:\/\/catolicanet.net\/wp-cnet\/wp-json\/wp\/v2\/posts\/42659\/revisions\/42661"}],"wp:featuredmedia":[{"embeddable":true,"href":"https:\/\/catolicanet.net\/wp-cnet\/wp-json\/wp\/v2\/media\/42660"}],"wp:attachment":[{"href":"https:\/\/catolicanet.net\/wp-cnet\/wp-json\/wp\/v2\/media?parent=42659"}],"wp:term":[{"taxonomy":"category","embeddable":true,"href":"https:\/\/catolicanet.net\/wp-cnet\/wp-json\/wp\/v2\/categories?post=42659"},{"taxonomy":"post_tag","embeddable":true,"href":"https:\/\/catolicanet.net\/wp-cnet\/wp-json\/wp\/v2\/tags?post=42659"}],"curies":[{"name":"wp","href":"https:\/\/api.w.org\/{rel}","templated":true}]}}