{"id":42651,"date":"2018-08-02T11:43:17","date_gmt":"2018-08-02T14:43:17","guid":{"rendered":"http:\/\/catolicanet.net\/wp-cnet\/?p=42651"},"modified":"2018-08-02T11:45:13","modified_gmt":"2018-08-02T14:45:13","slug":"um-sacerdote-entre-sobreviventes-de-aviao-que-caiu-no-mexico","status":"publish","type":"post","link":"https:\/\/catolicanet.net\/wp-cnet\/um-sacerdote-entre-sobreviventes-de-aviao-que-caiu-no-mexico\/","title":{"rendered":"Um sacerdote entre sobreviventes de avi\u00e3o que caiu no M\u00e9xico"},"content":{"rendered":"<p>Cidade do M\u00e9xico, 01 Ago. 18 \/ 07:00 pm (<a href=\"https:\/\/www.acidigital.com\" target=\"_self\">ACI<\/a>).- Entre os sobreviventes do acidente de avi\u00e3o que ocorreu ontem em Durango (M\u00e9xico), est\u00e1 Pe. Esequiel S\u00e1nchez, reitor do Santu\u00e1rio de Nossa Senhora de Guadalupe em Des Plaines, Chicago (Estados Unidos).<\/p>\n<p>Ontem \u00e0 tarde, o voo 2431 da Aerom\u00e9xico caiu poucos minutos ap\u00f3s decolar do aeroporto Guadalupe Victoria, com destino \u00e0 Cidade do M\u00e9xico. No avi\u00e3o havia 99 passageiros e quatro tripulantes. A imprensa local informou que 12 feridos est\u00e3o em estado cr\u00edtico.<\/p>\n<p>Entretanto, o fato de que todos tenham sobrevivido depois deste acidente, levou a imprensa internacional e as redes sociais a chamar este acontecimento de &#8220;milagre de Durango&#8221;.<\/p>\n<p>Um dos protagonistas deste &#8220;milagre&#8221; \u00e9 o Pe. S\u00e1nchez, sacerdote da Arquidiocese de Chicago, com quem se comunicou Pe. Manuel Padilla, vice-reitor do santu\u00e1rio mariano.<\/p>\n<p>&#8220;Em geral, ele est\u00e1 bem, nos pede para que rezemos por ele e pelos outros passageiros que estavam no avi\u00e3o&#8221;, disse \u00e0 imprensa internacional. Acrescentou que Pe. S\u00e1nchez teve uma fratura no bra\u00e7o e que n\u00e3o se sabe quando ter\u00e1 alta.<\/p>\n<p>Por sua parte, outro sobrevivente relatou que logo p\u00f3s o acidente, viu Pe. S\u00e1nchez &#8220;fazendo uma pequena ora\u00e7\u00e3o quando saiu do avi\u00e3o&#8221;.<\/p>\n<p>A Arquidiocese de Chicago tamb\u00e9m divulgou um comunicado para informar que o sacerdote &#8220;sofreu alguns ferimentos\u201d. \u201cMas estamos gratos em saber que est\u00e1 bem de sa\u00fade e descansando. Rezemos pelo Pe. S\u00e1nchez e por todas as pessoas que sofreram este acidente de avi\u00e3o&#8221;.<\/p>\n<p>Segundo informa\u00e7\u00f5es do santu\u00e1rio em seu site, Pe. S\u00e1nchez nasceu em Chicago, filho de pais imigrantes mexicanos provenientes de Durango. Foi ordenado sacerdote em 1995 e representou a comunidade cat\u00f3lica em v\u00e1rios meios de comunica\u00e7\u00e3o e em v\u00e1rios programas de imprensa.<\/p>\n<p>&nbsp;<\/p>\n<p>Fonte: Acidigital<\/p>\n","protected":false},"excerpt":{"rendered":"<p>Cidade do M\u00e9xico, 01 Ago. 18 \/ 07:00 pm (ACI).- Entre os sobreviventes do acidente de avi\u00e3o que ocorreu ontem em Durango (M\u00e9xico), est\u00e1 Pe. Esequiel S\u00e1nchez, reitor do Santu\u00e1rio de Nossa Senhora de Guadalupe em Des Plaines, Chicago (Estados Unidos). Ontem \u00e0 tarde, o voo 2431 da Aerom\u00e9xico caiu poucos minutos ap\u00f3s decolar do [&hellip;]<\/p>\n","protected":false},"author":1,"featured_media":42652,"comment_status":"open","ping_status":"closed","sticky":false,"template":"","format":"standard","meta":{"footnotes":""},"categories":[4],"tags":[],"class_list":["post-42651","post","type-post","status-publish","format-standard","has-post-thumbnail","hentry","category-cotidiano"],"_links":{"self":[{"href":"https:\/\/catolicanet.net\/wp-cnet\/wp-json\/wp\/v2\/posts\/42651","targetHints":{"allow":["GET"]}}],"collection":[{"href":"https:\/\/catolicanet.net\/wp-cnet\/wp-json\/wp\/v2\/posts"}],"about":[{"href":"https:\/\/catolicanet.net\/wp-cnet\/wp-json\/wp\/v2\/types\/post"}],"author":[{"embeddable":true,"href":"https:\/\/catolicanet.net\/wp-cnet\/wp-json\/wp\/v2\/users\/1"}],"replies":[{"embeddable":true,"href":"https:\/\/catolicanet.net\/wp-cnet\/wp-json\/wp\/v2\/comments?post=42651"}],"version-history":[{"count":1,"href":"https:\/\/catolicanet.net\/wp-cnet\/wp-json\/wp\/v2\/posts\/42651\/revisions"}],"predecessor-version":[{"id":42653,"href":"https:\/\/catolicanet.net\/wp-cnet\/wp-json\/wp\/v2\/posts\/42651\/revisions\/42653"}],"wp:featuredmedia":[{"embeddable":true,"href":"https:\/\/catolicanet.net\/wp-cnet\/wp-json\/wp\/v2\/media\/42652"}],"wp:attachment":[{"href":"https:\/\/catolicanet.net\/wp-cnet\/wp-json\/wp\/v2\/media?parent=42651"}],"wp:term":[{"taxonomy":"category","embeddable":true,"href":"https:\/\/catolicanet.net\/wp-cnet\/wp-json\/wp\/v2\/categories?post=42651"},{"taxonomy":"post_tag","embeddable":true,"href":"https:\/\/catolicanet.net\/wp-cnet\/wp-json\/wp\/v2\/tags?post=42651"}],"curies":[{"name":"wp","href":"https:\/\/api.w.org\/{rel}","templated":true}]}}