{"id":4264,"date":"2014-02-20T16:22:33","date_gmt":"2014-02-20T19:22:33","guid":{"rendered":"http:\/\/catolicanet.net\/wp-cnet\/papa-qseguir-jesus-para-conhece-loq\/"},"modified":"2017-04-04T16:36:24","modified_gmt":"2017-04-04T19:36:24","slug":"papa-qseguir-jesus-para-conhece-loq","status":"publish","type":"post","link":"https:\/\/catolicanet.net\/wp-cnet\/papa-qseguir-jesus-para-conhece-loq\/","title":{"rendered":"Papa: &#8220;Seguir Jesus para conhec\u00ea-Lo&#8221;"},"content":{"rendered":"<p style=\"text-align: justify;\">\n<p><img decoding=\"async\" src=\"http:\/\/catolicanet.com.br\/images\/stories\/papastamartaverde.jpg\" border=\"0\" align=\"left\" \/>\u201c\u00c9 sendo disc\u00edpulo e n\u00e3o estudioso, que se conhece Jesus\u201d, disse na manh\u00e3 dessa quinta-feira, 20, o Papa Francisco na homilia da missa celebrada na Casa Santa Marta. \u201cTodo dia \u2013 explicou \u2013 Cristo nos pergunta quem Ele \u00e9 para n\u00f3s, mas podemos responder somente seguindo-O\u201d.<\/p>\n<p>\u201cPara responder a esta pergunta, que todos sentimos em nosso cora\u00e7\u00e3o, \u2013 \u2018Quem \u00e9 Jesus para n\u00f3s\u2019 \u2013 n\u00e3o \u00e9 suficiente o que aprendemos no catecismo. \u00c9 importante, sim, estud\u00e1-lo, mas n\u00e3o \u00e9 suficiente. Para conhecer Jesus, \u00e9 necess\u00e1rio fazer o caminho feito por Pedro: depois da humilha\u00e7\u00e3o, Pedro continuou com Jesus, viu seus milagres, viu seu poder; pagou os impostos como lhe disse Jesus, pescou um peixe, pegou-lhe a moeda da boca, viu muitos milagres como este. Mas a um certo ponto, Pedro renegou Jesus, o traiu e aprendeu a dif\u00edcil ci\u00eancia \u2013 a sabedoria \u2013 das l\u00e1grimas, do pranto\u201d.<\/p>\n<p>Pedro pede perd\u00e3o a Jesus e n\u00e3o obstante isso, depois da Ressurrei\u00e7\u00e3o, \u00e9 questionado tr\u00eas vezes a prop\u00f3sito de seu amor, \u00e0s margens do Lago Tiber\u00edades.<\/p>\n<p>\u201cA primeira pergunta: \u2018Quem sou eu para voc\u00ea?\u2019 pode ser entendida somente depois de um longo caminho, de gra\u00e7a e de pecado \u2013 um caminho como disc\u00edpulo. A seus Ap\u00f3stolos e a Pedro, Jesus n\u00e3o disse \u2018Conhe\u00e7am-me!\u2019, mas \u2018Sigam-me!\u2019. \u00c9 este \u2018seguir\u2019 que nos faz conhecer Jesus; com nossas virtudes, com nossos pecados, mas segui-Lo sempre\u201d.<\/p>\n<p>\u201c\u00c9 necess\u00e1rio \u2013 insistiu Francisco \u2013 um encontro cotidiano com o Senhor, todos os dias, com nossas vit\u00f3rias e nossas fraquezas\u201d. Mas \u2013 acrescentou \u2013 \u201c\u00e9 um caminho que n\u00e3o podemos percorrer sozinhos. Precisamos da a\u00e7\u00e3o do Esp\u00edrito Santo\u201d:<\/p>\n<p>\u201cConhecer Jesus \u00e9 um dom do Pai; \u00e9 Ele que nos faz conhecer Jesus; \u00e9 um trabalho do Esp\u00edrito Santo, que \u00e9 um grande trabalhador. N\u00e3o \u00e9 um sindicalista, ele explica o mist\u00e9rio de Jesus e nos d\u00e1 o sentido de Cristo. Olhemos Jesus, Pedro e os Ap\u00f3stolos, e ponhamos em nosso cora\u00e7\u00e3o esta pergunta: Quem sou eu para voc\u00ea? E como disc\u00edpulos, pe\u00e7amos ao Pai que nos fa\u00e7a conhecer Cristo no Esp\u00edrito Santo, que nos explique este mist\u00e9rio\u201d.<br \/>(CM)<\/p>\n<p>O texto original, em italiano, est\u00e1 publicado na p\u00e1gina:<\/p>\n<p>http:\/\/it.radiovaticana.va\/news\/2014\/02\/20\/il_papa:_per_conoscere_ges\u00f9_non_basta_il_catechismo,_bisogna_seguirlo\/it1-774793<\/p>\n<p><strong>Fonte:<\/strong> R\u00e1dio Vaticano<\/p>\n","protected":false},"excerpt":{"rendered":"<p>\u201c\u00c9 sendo disc\u00edpulo e n\u00e3o estudioso, que se conhece Jesus\u201d, disse na manh\u00e3 dessa quinta-feira, 20, o Papa Francisco na homilia da missa celebrada na Casa Santa Marta. \u201cTodo dia \u2013 explicou \u2013 Cristo nos pergunta quem Ele \u00e9 para n\u00f3s, mas podemos responder somente seguindo-O\u201d. \u201cPara responder a esta pergunta, que todos sentimos em [&hellip;]<\/p>\n","protected":false},"author":1,"featured_media":0,"comment_status":"closed","ping_status":"closed","sticky":false,"template":"","format":"standard","meta":{"footnotes":""},"categories":[3],"tags":[],"class_list":["post-4264","post","type-post","status-publish","format-standard","hentry","category-vaticano"],"_links":{"self":[{"href":"https:\/\/catolicanet.net\/wp-cnet\/wp-json\/wp\/v2\/posts\/4264","targetHints":{"allow":["GET"]}}],"collection":[{"href":"https:\/\/catolicanet.net\/wp-cnet\/wp-json\/wp\/v2\/posts"}],"about":[{"href":"https:\/\/catolicanet.net\/wp-cnet\/wp-json\/wp\/v2\/types\/post"}],"author":[{"embeddable":true,"href":"https:\/\/catolicanet.net\/wp-cnet\/wp-json\/wp\/v2\/users\/1"}],"replies":[{"embeddable":true,"href":"https:\/\/catolicanet.net\/wp-cnet\/wp-json\/wp\/v2\/comments?post=4264"}],"version-history":[{"count":1,"href":"https:\/\/catolicanet.net\/wp-cnet\/wp-json\/wp\/v2\/posts\/4264\/revisions"}],"predecessor-version":[{"id":9239,"href":"https:\/\/catolicanet.net\/wp-cnet\/wp-json\/wp\/v2\/posts\/4264\/revisions\/9239"}],"wp:attachment":[{"href":"https:\/\/catolicanet.net\/wp-cnet\/wp-json\/wp\/v2\/media?parent=4264"}],"wp:term":[{"taxonomy":"category","embeddable":true,"href":"https:\/\/catolicanet.net\/wp-cnet\/wp-json\/wp\/v2\/categories?post=4264"},{"taxonomy":"post_tag","embeddable":true,"href":"https:\/\/catolicanet.net\/wp-cnet\/wp-json\/wp\/v2\/tags?post=4264"}],"curies":[{"name":"wp","href":"https:\/\/api.w.org\/{rel}","templated":true}]}}