{"id":4261,"date":"2014-02-19T17:27:31","date_gmt":"2014-02-19T20:27:31","guid":{"rendered":"http:\/\/catolicanet.net\/wp-cnet\/dom-walmor-e-nomeado-membro-da-congregacao-para-as-igrejas-orientais\/"},"modified":"2017-04-04T16:37:26","modified_gmt":"2017-04-04T19:37:26","slug":"dom-walmor-e-nomeado-membro-da-congregacao-para-as-igrejas-orientais","status":"publish","type":"post","link":"https:\/\/catolicanet.net\/wp-cnet\/dom-walmor-e-nomeado-membro-da-congregacao-para-as-igrejas-orientais\/","title":{"rendered":"Dom Walmor \u00e9 nomeado membro da Congrega\u00e7\u00e3o para as Igrejas Orientais"},"content":{"rendered":"<p style=\"text-align: justify;\">\n<p><img decoding=\"async\" src=\"http:\/\/catolicanet.com.br\/images\/stories\/domwalmor14.jpg\" border=\"0\" align=\"left\" \/>O papa Francisco nomeou hoje, 19, novos membros para a Congrega\u00e7\u00e3o para as Igrejas Orientais, entre eles o arcebispo de Belo Horizonte (MG), dom Walmor Oliveira de Azevedo.<\/p>\n<p>Integram a Congrega\u00e7\u00e3o bispos nomeados pelo papa Francisco e patriarcas e arcebispos maiores das Igrejas Orientais, assim como o presidente do Pontif\u00edcio Conselho para a Promo\u00e7\u00e3o da Unidade dos Crist\u00e3os.<\/p>\n<p>Atividade<br \/>A Congrega\u00e7\u00e3o \u00e9 respons\u00e1vel por promover a unidade entre as igrejas orientais cat\u00f3licas. Busca incentivar o crescimento e assegurar os direitos, como a integridade do patrim\u00f4nio lit\u00fargico, disciplinar e espiritual nas v\u00e1rias tradi\u00e7\u00f5es crist\u00e3s orientais.<\/p>\n<p style=\"text-align: justify;\">\u00a0<\/p>\n<p style=\"text-align: justify;\">\u00a0<\/p>\n<p style=\"text-align: justify;\"><strong>Fonte:<\/strong> R\u00e1dio Vaticano<\/p>\n","protected":false},"excerpt":{"rendered":"<p>O papa Francisco nomeou hoje, 19, novos membros para a Congrega\u00e7\u00e3o para as Igrejas Orientais, entre eles o arcebispo de Belo Horizonte (MG), dom Walmor Oliveira de Azevedo. Integram a Congrega\u00e7\u00e3o bispos nomeados pelo papa Francisco e patriarcas e arcebispos maiores das Igrejas Orientais, assim como o presidente do Pontif\u00edcio Conselho para a Promo\u00e7\u00e3o da [&hellip;]<\/p>\n","protected":false},"author":1,"featured_media":0,"comment_status":"closed","ping_status":"closed","sticky":false,"template":"","format":"standard","meta":{"footnotes":""},"categories":[7],"tags":[],"class_list":["post-4261","post","type-post","status-publish","format-standard","hentry","category-cnbb"],"_links":{"self":[{"href":"https:\/\/catolicanet.net\/wp-cnet\/wp-json\/wp\/v2\/posts\/4261","targetHints":{"allow":["GET"]}}],"collection":[{"href":"https:\/\/catolicanet.net\/wp-cnet\/wp-json\/wp\/v2\/posts"}],"about":[{"href":"https:\/\/catolicanet.net\/wp-cnet\/wp-json\/wp\/v2\/types\/post"}],"author":[{"embeddable":true,"href":"https:\/\/catolicanet.net\/wp-cnet\/wp-json\/wp\/v2\/users\/1"}],"replies":[{"embeddable":true,"href":"https:\/\/catolicanet.net\/wp-cnet\/wp-json\/wp\/v2\/comments?post=4261"}],"version-history":[{"count":1,"href":"https:\/\/catolicanet.net\/wp-cnet\/wp-json\/wp\/v2\/posts\/4261\/revisions"}],"predecessor-version":[{"id":9242,"href":"https:\/\/catolicanet.net\/wp-cnet\/wp-json\/wp\/v2\/posts\/4261\/revisions\/9242"}],"wp:attachment":[{"href":"https:\/\/catolicanet.net\/wp-cnet\/wp-json\/wp\/v2\/media?parent=4261"}],"wp:term":[{"taxonomy":"category","embeddable":true,"href":"https:\/\/catolicanet.net\/wp-cnet\/wp-json\/wp\/v2\/categories?post=4261"},{"taxonomy":"post_tag","embeddable":true,"href":"https:\/\/catolicanet.net\/wp-cnet\/wp-json\/wp\/v2\/tags?post=4261"}],"curies":[{"name":"wp","href":"https:\/\/api.w.org\/{rel}","templated":true}]}}