{"id":4260,"date":"2014-02-19T17:22:51","date_gmt":"2014-02-19T20:22:51","guid":{"rendered":"http:\/\/catolicanet.net\/wp-cnet\/saudacao-ao-novo-bispo-auxiliar-de-brasilia\/"},"modified":"2017-04-04T16:37:51","modified_gmt":"2017-04-04T19:37:51","slug":"saudacao-ao-novo-bispo-auxiliar-de-brasilia","status":"publish","type":"post","link":"https:\/\/catolicanet.net\/wp-cnet\/saudacao-ao-novo-bispo-auxiliar-de-brasilia\/","title":{"rendered":"Sauda\u00e7\u00e3o ao novo bispo auxiliar de Bras\u00edlia"},"content":{"rendered":"<p style=\"text-align: justify;\">\n<p><img decoding=\"async\" src=\"http:\/\/catolicanet.com.br\/images\/stories\/logocnbb.jpg\" border=\"0\" align=\"left\" \/>Com a not\u00edcia da nomea\u00e7\u00e3o de Mons. Marcony Vin\u00edcius Ferreira para a arquidiocese de Bras\u00edlia (DF), a CNBB divulga nesta quarta-feira, 19, mensagem de sauda\u00e7\u00e3o ao novo bispo. O texto, assinado pelo secret\u00e1rio geral da Confer\u00eancia, dom Leonardo Steiner, acolhe o novo membro da entidade &#8220;fazendo votos de que seu pastoreio como bispo auxiliar gere frutos de santidade, acolhimento e miseric\u00f3rdia para o povo desta Igreja Particular&#8221;.<\/p>\n<p>A seguir, a \u00edntegra da mensagem.<\/p>\n<p><strong>Sauda\u00e7\u00e3o ao novo bispo auxiliar de Bras\u00edlia (DF)<\/strong><\/p>\n<p>A Confer\u00eancia Nacional dos Bispos do Brasil \u2013 CNBB recebe, com alegria, a nomea\u00e7\u00e3o, hoje, 19 de fevereiro, do Revdo. Mons. Marcony Vin\u00edcius Ferreira como Bispo Auxiliar de Bras\u00edlia \u2013 DF, pelo Papa Francisco.<\/p>\n<p>Natural de Bras\u00edlia, nasceu no dia 03 de mar\u00e7o de 1964. Foi ordenado presb\u00edtero aos 03 de dezembro de 1988. Atualmente, ocupa a fun\u00e7\u00e3o de Vig\u00e1rio Geral da Arquidiocese de Bras\u00edlia.<\/p>\n<p>Acolhemos o Revdo. Mons. Marcony como novo membro da CNBB, fazendo votos de que seu pastoreio como bispo auxiliar gere frutos de santidade, acolhimento e miseric\u00f3rdia para o povo desta Igreja Particular.<\/p>\n<p>Congratulamo-nos com Dom S\u00e9rgio da Rocha que contar\u00e1 com mais um colaborador a servi\u00e7o da evangeliza\u00e7\u00e3o da Arquidiocese de Bras\u00edlia.<\/p>\n<p>Suplicamos para esse nosso irm\u00e3o a b\u00ean\u00e7\u00e3o de Deus e a maternal prote\u00e7\u00e3o de Nossa Senhora Aparecida e S\u00e3o Jos\u00e9.<\/p>\n<p><strong>Dom Leonardo Ulrich Steiner<br \/>Bispo Auxiliar de Bras\u00edlia<br \/>Secret\u00e1rio Geral da CNBB<br \/><\/strong><\/p>\n","protected":false},"excerpt":{"rendered":"<p>Com a not\u00edcia da nomea\u00e7\u00e3o de Mons. Marcony Vin\u00edcius Ferreira para a arquidiocese de Bras\u00edlia (DF), a CNBB divulga nesta quarta-feira, 19, mensagem de sauda\u00e7\u00e3o ao novo bispo. O texto, assinado pelo secret\u00e1rio geral da Confer\u00eancia, dom Leonardo Steiner, acolhe o novo membro da entidade &#8220;fazendo votos de que seu pastoreio como bispo auxiliar gere [&hellip;]<\/p>\n","protected":false},"author":1,"featured_media":0,"comment_status":"closed","ping_status":"closed","sticky":false,"template":"","format":"standard","meta":{"footnotes":""},"categories":[7],"tags":[],"class_list":["post-4260","post","type-post","status-publish","format-standard","hentry","category-cnbb"],"_links":{"self":[{"href":"https:\/\/catolicanet.net\/wp-cnet\/wp-json\/wp\/v2\/posts\/4260","targetHints":{"allow":["GET"]}}],"collection":[{"href":"https:\/\/catolicanet.net\/wp-cnet\/wp-json\/wp\/v2\/posts"}],"about":[{"href":"https:\/\/catolicanet.net\/wp-cnet\/wp-json\/wp\/v2\/types\/post"}],"author":[{"embeddable":true,"href":"https:\/\/catolicanet.net\/wp-cnet\/wp-json\/wp\/v2\/users\/1"}],"replies":[{"embeddable":true,"href":"https:\/\/catolicanet.net\/wp-cnet\/wp-json\/wp\/v2\/comments?post=4260"}],"version-history":[{"count":1,"href":"https:\/\/catolicanet.net\/wp-cnet\/wp-json\/wp\/v2\/posts\/4260\/revisions"}],"predecessor-version":[{"id":9243,"href":"https:\/\/catolicanet.net\/wp-cnet\/wp-json\/wp\/v2\/posts\/4260\/revisions\/9243"}],"wp:attachment":[{"href":"https:\/\/catolicanet.net\/wp-cnet\/wp-json\/wp\/v2\/media?parent=4260"}],"wp:term":[{"taxonomy":"category","embeddable":true,"href":"https:\/\/catolicanet.net\/wp-cnet\/wp-json\/wp\/v2\/categories?post=4260"},{"taxonomy":"post_tag","embeddable":true,"href":"https:\/\/catolicanet.net\/wp-cnet\/wp-json\/wp\/v2\/tags?post=4260"}],"curies":[{"name":"wp","href":"https:\/\/api.w.org\/{rel}","templated":true}]}}