{"id":42581,"date":"2018-07-31T14:22:45","date_gmt":"2018-07-31T17:22:45","guid":{"rendered":"http:\/\/catolicanet.net\/wp-cnet\/?p=42581"},"modified":"2018-07-31T15:11:30","modified_gmt":"2018-07-31T18:11:30","slug":"descriminalizacao-do-aborto","status":"publish","type":"post","link":"https:\/\/catolicanet.net\/wp-cnet\/descriminalizacao-do-aborto\/","title":{"rendered":"Descriminaliza\u00e7\u00e3o do Aborto"},"content":{"rendered":"<div id='gallery-1' class='gallery galleryid-42581 gallery-columns-3 gallery-size-thumbnail'><figure class='gallery-item'>\n\t\t\t<div class='gallery-icon landscape'>\n\t\t\t\t<a href='https:\/\/catolicanet.net\/wp-cnet\/wp-content\/uploads\/Sem-t\u00edtulo-1.png'><img loading=\"lazy\" decoding=\"async\" width=\"150\" height=\"150\" src=\"https:\/\/catolicanet.net\/wp-cnet\/wp-content\/uploads\/Sem-t\u00edtulo-1-150x150.png\" class=\"attachment-thumbnail size-thumbnail\" alt=\"\" \/><\/a>\n\t\t\t<\/div><\/figure>\n\t\t<\/div>\n\n<p><strong>ATEN\u00c7\u00c3O<\/strong><\/p>\n<p>Nesta semana, o Supremo Tribunal Federal promove audi\u00eancia p\u00fablica sobre\u00a0 a\u00a0 descriminaliza\u00e7\u00e3o\u00a0 do\u00a0 aborto\u00a0 at\u00e9\u00a0 a\u00a0 12\u00aa\u00a0 semana\u00a0\u00a0 de\u00a0\u00a0 gesta\u00e7\u00e3o.\u00a0 Haver\u00e1 transmiss\u00e3o ao vivo pela TV Justi\u00e7a, pela R\u00e1dio Justi\u00e7a e pelo canal do STF no YouTube, na sexta-feira dia 03, e na segunda-feira dia 06 de agosto.<\/p>\n<p>Mais de 40 representantes de diversos setores envolvidos na quest\u00e3o, entre especialistas (m\u00e9dicos), institui\u00e7\u00f5es e organiza\u00e7\u00f5es nacionais e internacionais, foram selecionados para contribuir com informa\u00e7\u00f5es para a discuss\u00e3o do tema, que \u00e9 objeto da Argui\u00e7\u00e3o de Descumprimento de Preceito Fundamental 442, ajuizada pelo Partido Socialismo e Liberdade (PSol). Na oportunidade a CNBB estar\u00e1 presente.<\/p>\n<p>A Igreja n\u00e3o \u00e9 a favor do aborto que \u00e9 sempre um n\u00e3o a vida, mas acolhe no seu interior desde sempre, por meio de suas Par\u00f3quias, Comunidades e Institui\u00e7\u00f5es afins, muitas mulheres que viveram e vivem essa tr\u00e1gica situa\u00e7\u00e3o com sequelas irrepar\u00e1veis. A vida \u00e9 Dom de Deus e preserv\u00e1-la \u00e9 a\u00a0 nossa voca\u00e7\u00e3o primeira.<\/p>\n<p>Julgamos que o que est\u00e1 em quest\u00e3o \u00e9 a sa\u00fade p\u00fablica deteriorada e sem a aten\u00e7\u00e3o que lhe \u00e9 devida. O que est\u00e1 em jogo \u00e9 a vida das mulheres e de tantas outras pessoas em situa\u00e7\u00e3o vulner\u00e1vel, que n\u00e3o tem onde recorrer quando se trata do sofrimento e da doen\u00e7a. Portanto, uma quest\u00e3o de pol\u00edtica p\u00fablica que muitos daqueles que nos representam n\u00e3o se disp\u00f5em a cuidar e, muito aqu\u00e9m do nosso povo pobre e a margem do essencial para viver dignamente.<\/p>\n<p>Cremos que o bom senso dos que estar\u00e3o presentes neste debate falar\u00e1 mais alto, pois \u00e9 a vida que clama por dignidade e supera\u00e7\u00e3o da viol\u00eancia. Cremos que a aprova\u00e7\u00e3o do aborto refor\u00e7a a discrimina\u00e7\u00e3o das mulheres que o praticam e dos que com ela colaboram para tal ato. Cremos ainda que o aborto mata n\u00e3o s\u00f3 uma vida indefesa, mas aquela que a gerou e isso \u00e9 contra o Projeto do Deus da vida, revelado por Jesus Cristo seu Filho.<\/p>\n<p>Acompanhemos com aten\u00e7\u00e3o, dando sempre nosso apoio para que a vida prevale\u00e7a. N\u00e3o nos falte a capacidade de indigna\u00e7\u00e3o diante de tal amea\u00e7a, com tamb\u00e9m a ora\u00e7\u00e3o para iluminar as mentes daqueles que expressar\u00e3o sua opini\u00e3o. N\u00e3o est\u00e1 em jogo credo ou religi\u00e3o, mas a grandeza e a beleza da vida sempre a ser acolhida e amada.<\/p>\n<p>Bragan\u00e7a Paulista, 30 de julho de 2018.<\/p>\n<p>Dom S\u00e9rgio Aparecido Colombo Bispo Diocesano<\/p>\n<p>\u201cComo aquele que serve\u201d<\/p>\n","protected":false},"excerpt":{"rendered":"<p>ATEN\u00c7\u00c3O Nesta semana, o Supremo Tribunal Federal promove audi\u00eancia p\u00fablica sobre\u00a0 a\u00a0 descriminaliza\u00e7\u00e3o\u00a0 do\u00a0 aborto\u00a0 at\u00e9\u00a0 a\u00a0 12\u00aa\u00a0 semana\u00a0\u00a0 de\u00a0\u00a0 gesta\u00e7\u00e3o.\u00a0 Haver\u00e1 transmiss\u00e3o ao vivo pela TV Justi\u00e7a, pela R\u00e1dio Justi\u00e7a e pelo canal do STF no YouTube, na sexta-feira dia 03, e na segunda-feira dia 06 de agosto. Mais de 40 representantes de diversos [&hellip;]<\/p>\n","protected":false},"author":1,"featured_media":0,"comment_status":"open","ping_status":"closed","sticky":false,"template":"","format":"standard","meta":{"footnotes":""},"categories":[4],"tags":[],"class_list":["post-42581","post","type-post","status-publish","format-standard","hentry","category-cotidiano"],"_links":{"self":[{"href":"https:\/\/catolicanet.net\/wp-cnet\/wp-json\/wp\/v2\/posts\/42581","targetHints":{"allow":["GET"]}}],"collection":[{"href":"https:\/\/catolicanet.net\/wp-cnet\/wp-json\/wp\/v2\/posts"}],"about":[{"href":"https:\/\/catolicanet.net\/wp-cnet\/wp-json\/wp\/v2\/types\/post"}],"author":[{"embeddable":true,"href":"https:\/\/catolicanet.net\/wp-cnet\/wp-json\/wp\/v2\/users\/1"}],"replies":[{"embeddable":true,"href":"https:\/\/catolicanet.net\/wp-cnet\/wp-json\/wp\/v2\/comments?post=42581"}],"version-history":[{"count":1,"href":"https:\/\/catolicanet.net\/wp-cnet\/wp-json\/wp\/v2\/posts\/42581\/revisions"}],"predecessor-version":[{"id":42584,"href":"https:\/\/catolicanet.net\/wp-cnet\/wp-json\/wp\/v2\/posts\/42581\/revisions\/42584"}],"wp:attachment":[{"href":"https:\/\/catolicanet.net\/wp-cnet\/wp-json\/wp\/v2\/media?parent=42581"}],"wp:term":[{"taxonomy":"category","embeddable":true,"href":"https:\/\/catolicanet.net\/wp-cnet\/wp-json\/wp\/v2\/categories?post=42581"},{"taxonomy":"post_tag","embeddable":true,"href":"https:\/\/catolicanet.net\/wp-cnet\/wp-json\/wp\/v2\/tags?post=42581"}],"curies":[{"name":"wp","href":"https:\/\/api.w.org\/{rel}","templated":true}]}}