{"id":4258,"date":"2014-02-19T17:19:28","date_gmt":"2014-02-19T20:19:28","guid":{"rendered":"http:\/\/catolicanet.net\/wp-cnet\/sede-perfeitos\/"},"modified":"2017-04-04T16:38:19","modified_gmt":"2017-04-04T19:38:19","slug":"sede-perfeitos","status":"publish","type":"post","link":"https:\/\/catolicanet.net\/wp-cnet\/sede-perfeitos\/","title":{"rendered":"Sede perfeitos"},"content":{"rendered":"<p style=\"text-align: justify;\">Esta foi a determina\u00e7\u00e3o dada por Cristo a seus seguidores: \u201c Sede perfeitos como o vosso Pai celeste \u00e9 perfeito!\u201d (Mt 5 ,48). Ao crist\u00e3o, como, ali\u00e1s, a todo ser racional, cumpre ser testemunha do Invis\u00edvel e do Inef\u00e1vel, \u00edcone da santidade de Deus que \u00e9 a fonte e a raz\u00e3o de ser de toda perfei\u00e7\u00e3o.\u00a0 A busca da santidade n\u00e3o um projeto ut\u00f3pico. Trata-se de orientar para Deus todos os movimentos e as ra\u00edzes do ser humano. Tal a ordem divina no Antigo Testamento: \u201cSereis santo para mim, porque eu, o Senhor, sou santo\u201d (Lev 20,26).\u00a0 Jesus, exatamente, veio a este mundo para ensinar a ser santo, por ser Ele o santo por excel\u00eancia, como proclamara o Profeta Isa\u00edas: \u201cO Santo \u00e9 o seu nome\u201d (Is 57,15). O Verbo de Deus se encarnou, tomando uma alma e um corpo humanos para tra\u00e7ar os caminhos da perfei\u00e7\u00e3o, Ele o santo, o verdadeiro, como fala o Apocalipse (Ap 3,7). A Segunda Pessoa da Trindade Santa, fazendo-se carne e habitando entre n\u00f3s quis, assim, santificar a natureza humana, n\u00e3o para se conservar isolado nessa Santidade \u00fanica, mas para fazer dela participantes os seus irm\u00e3os. Os crist\u00e3os seriam santos \u201cem Cristo Jesus\u201d, express\u00e3o t\u00e3o usada por S\u00e3o Paulo. Estariam incorporados \u00c0quele que assim saudamos: \u201cS\u00f3 v\u00f3s sois Santo, s\u00f3 V\u00f3s sois Senhor, s\u00f3 V\u00f3s, o Alt\u00edssimo, Jesus Cristo\u201d. No momento do batismo se torna o fiel membro de Cristo que o faz compartilhar de Sua pr\u00f3pria morte para, ao receber a \u00e1gua batismal, inseri-lo no processo de sua gloriosa ressurrei\u00e7\u00e3o. \u00c9 a vida nova de que fala S\u00e3o Paulo aos romanos (Rm 6,4-11). \u00c9 l\u00f3gico que o batismo n\u00e3o age como uma opera\u00e7\u00e3o m\u00e1gica que transformasse o batizado sem exigir dele seu esfor\u00e7o para uma transforma\u00e7\u00e3o integral. Com efeito, incorporado ao divino Salvador, part\u00edcipe de Sua santidade, ter\u00e1 que viver como Cristo, ou seja, animado por Seu esp\u00edrito, numa identidade total a Ele. Foi o que aconteceu com o Ap\u00f3stolo: \u201cJ\u00e1 n\u00e3o sou eu quem vive, \u00e9 Cristo quem vive em mim\u201d (Gl 2,20). \u00c9 preciso, ent\u00e3o, que se tenha consci\u00eancia desta uni\u00e3o com Jesus, o que alertou S\u00e3o Paulo: \u201cn\u00e3o sabeis que vossos corpos s\u00e3o membros de Cristo\u201d? (1 Cor 6, 15). Na pr\u00e1tica, \u00e9 preciso ent\u00e3o ao crist\u00e3o dominar \u201ca carne\u201d, ou seja n\u00e3o apenas as paix\u00f5es lascivas do corpo, mas tamb\u00e9m os movimentos desregrados da alma. S\u00e3o Paulo aos G\u00e1latas detalhou\u00a0 que isto significa, ou seja, fornica\u00e7\u00e3o, impureza, desonestidade, lux\u00faria, idolatria, malef\u00edcios, inimizades, contendas, ci\u00fames, iras, rixas, disc\u00f3rdias, partidos, invejas, homic\u00eddios, embriaguez, orgias e outras coisas semelhantes\u201d e acrescentou claramente: \u201cquem as praticarem n\u00e3o herdar\u00e3o o reino de Deus\u201d. Os que agem segundo o esp\u00edrito de Jesus possuem a caridade, o gozo, a paz, a paci\u00eancia, a contin\u00eancia, a castidade\u201d.\u00a0 O Ap\u00f3stolo acrescentou o meio para que se evite tudo que mancha a alma e esta possa cultivar os frutos espirituais: \u201cOs que s\u00e3o de Cristo crucificaram a carne, com as paix\u00f5es e concupisc\u00eancias\u201d (Gl 5, 15-25). Deve-se ent\u00e3o concluir que sem o dom\u00ednio do corpo n\u00e3o h\u00e1 santidade e esta n\u00e3o existe sem\u00a0 passar pela cruz. Quem quiser ser perfeito tem que se mortificar, mas esta mortifica\u00e7\u00e3o deve ser necessariamente fruto de um grande amor a Jesus Cristo. Isto porque a vida sem pecado, ilibada, \u00e9 apenas um aspecto negativo da santidade. De fato, a\u00e7\u00f5es positivas s\u00f3 podem fluir da dile\u00e7\u00e3o \u00c0quele que \u00e9 o caminho, a verdade e a vida e que se imolou no Calv\u00e1rio levado pelo seu imenso amor pela humanidade. Foi o que lembrou S\u00e3o Jo\u00e3o: \u201cNingu\u00e9m tem maior amor, do que aquele que d\u00e1 a sua vida por seus amigos\u201d (Jo 15,13). Portanto, a perfei\u00e7\u00e3o consiste em amar\u00a0 como Jesus amou. Amar \u00e9 preferir. \u00c9 sacrificar suas prefer\u00eancias para aderir o seu Senhor. \u00c9 envolver na dile\u00e7\u00e3o mais profunda os irm\u00e3os. Como isto se d\u00e1 no cotidiano, foi minudenciado pelo Ap\u00f3stolo: \u201cA caridade \u00e9 paciente, \u00e9 benigna; a caridade n\u00e3o \u00e9 invejosa, n\u00e3o se ufana, n\u00e3o se ensoberbece, n\u00e3o \u00e9 ambiciosa, n\u00e3o busca os seus pr\u00f3prios interesses, n\u00e3o se irrita, n\u00e3o suspeita mal. N\u00e3o folga com a injusti\u00e7a, mas alegra-se com a verdade Tudo desculpa, tudo cr\u00ea, tudo espera, tudo suporta\u201d (1 Cor 13,4-7). Esta deve ser a trajet\u00f3ria dos membros do Povo Santo de Deus e \u00e9 a \u00fanica maneira de se obter a salva\u00e7\u00e3o eterna. N\u00e3o existe distin\u00e7\u00e3o entre ser salvo e ser santo. Tudo isto leva \u00e0 edifica\u00e7\u00e3o do Corpo M\u00edstico de Cristo, como ensina ainda S\u00e3o Paulo, \u201cat\u00e9 que alcancemos todos\u00a0 n\u00f3s a unidade da f\u00e9 e do pleno conhecimento do Filho de Deus, o estado de homem perfeito, a medida da estatura da plenitude de Cristo\u201d (Ef 4,13). Para isto\u00a0 \u00e9 necess\u00e1rio abrir a porta do cora\u00e7\u00e3o a fim de receber Jesus, aceitando de bom grado suas advert\u00eancias secretas\u00a0 ou evidentes, quando desta forma\u00a0 o crist\u00e3o passa a realizar aquilo que deve fazer.\u00a0 Jesus com ele e\u00a0 ele com Jesus atrav\u00e9s da luz de sua presen\u00e7a, progredindo cada vez mais no desejo das coisas do alto\u00a0 e deixando que Ele alimente os anseios celestes dentro de cada um. Isto sup\u00f5e coragem, determina\u00e7\u00e3o.<\/p>\n<p> * Professor no Semin\u00e1rio de Mariana durante 40 anos.<\/p>\n","protected":false},"excerpt":{"rendered":"<p>Esta foi a determina\u00e7\u00e3o dada por Cristo a seus seguidores: \u201c Sede perfeitos como o vosso Pai celeste \u00e9 perfeito!\u201d (Mt 5 ,48). Ao crist\u00e3o, como, ali\u00e1s, a todo ser racional, cumpre ser testemunha do Invis\u00edvel e do Inef\u00e1vel, \u00edcone da santidade de Deus que \u00e9 a fonte e a raz\u00e3o de ser de toda [&hellip;]<\/p>\n","protected":false},"author":7,"featured_media":0,"comment_status":"closed","ping_status":"closed","sticky":false,"template":"","format":"standard","meta":{"footnotes":""},"categories":[9],"tags":[],"class_list":["post-4258","post","type-post","status-publish","format-standard","hentry","category-artigos"],"_links":{"self":[{"href":"https:\/\/catolicanet.net\/wp-cnet\/wp-json\/wp\/v2\/posts\/4258","targetHints":{"allow":["GET"]}}],"collection":[{"href":"https:\/\/catolicanet.net\/wp-cnet\/wp-json\/wp\/v2\/posts"}],"about":[{"href":"https:\/\/catolicanet.net\/wp-cnet\/wp-json\/wp\/v2\/types\/post"}],"author":[{"embeddable":true,"href":"https:\/\/catolicanet.net\/wp-cnet\/wp-json\/wp\/v2\/users\/7"}],"replies":[{"embeddable":true,"href":"https:\/\/catolicanet.net\/wp-cnet\/wp-json\/wp\/v2\/comments?post=4258"}],"version-history":[{"count":1,"href":"https:\/\/catolicanet.net\/wp-cnet\/wp-json\/wp\/v2\/posts\/4258\/revisions"}],"predecessor-version":[{"id":9244,"href":"https:\/\/catolicanet.net\/wp-cnet\/wp-json\/wp\/v2\/posts\/4258\/revisions\/9244"}],"wp:attachment":[{"href":"https:\/\/catolicanet.net\/wp-cnet\/wp-json\/wp\/v2\/media?parent=4258"}],"wp:term":[{"taxonomy":"category","embeddable":true,"href":"https:\/\/catolicanet.net\/wp-cnet\/wp-json\/wp\/v2\/categories?post=4258"},{"taxonomy":"post_tag","embeddable":true,"href":"https:\/\/catolicanet.net\/wp-cnet\/wp-json\/wp\/v2\/tags?post=4258"}],"curies":[{"name":"wp","href":"https:\/\/api.w.org\/{rel}","templated":true}]}}