{"id":42567,"date":"2018-07-31T10:04:34","date_gmt":"2018-07-31T13:04:34","guid":{"rendered":"http:\/\/catolicanet.net\/wp-cnet\/?p=42567"},"modified":"2018-07-31T10:06:10","modified_gmt":"2018-07-31T13:06:10","slug":"mobilizacao-da-igreja-contra-a-descriminalizacao-do-aborto-no-brasil","status":"publish","type":"post","link":"https:\/\/catolicanet.net\/wp-cnet\/mobilizacao-da-igreja-contra-a-descriminalizacao-do-aborto-no-brasil\/","title":{"rendered":"Mobiliza\u00e7\u00e3o da Igreja contra a descriminaliza\u00e7\u00e3o do aborto no Brasil"},"content":{"rendered":"<div><\/div>\n<div class=\"article__subTitle\">V\u00e1rias dioceses e arquidioceses brasileiras emitiram nos \u00faltimos dias notas de rep\u00fadio ao Supremo Tribunal Federal (STF) contra as raz\u00f5es apresentadas na Argui\u00e7\u00e3o de Descumprimento de Preceito Fundamental 442 (ADPF 442), proposta pelo Partido Socialismo e Liberdade (PSOL). A proposta visa descriminalizar o aborto at\u00e9 a 12\u00aa semana de gesta\u00e7\u00e3o.<\/div>\n<div class=\"title__separator\"><\/div>\n<div class=\"article__text\">\n<p><b>Rio de Janeiro<\/b><\/p>\n<p>No \u00faltimo dia, 26 de julho os bispos do Regional Leste 1 da Confer\u00eancia Nacional dos Bispos do Brasil (CNBB), que abrange todo o Estado do Rio de Janeiro, publicaram uma mensagem se manifestando em face da\u00a0A\u00e7\u00e3o de Descumprimento de Preceito Fundamental 442\/2017\u00a0(ADPF 442). No documento, os bispos reafirmam posi\u00e7\u00e3o firme e clara da Igreja: \u201cExplicitamente manifestamos nosso irrenunci\u00e1vel compromisso com a vida desde a concep\u00e7\u00e3o at\u00e9 a morte natural, com especial aten\u00e7\u00e3o \u00e0 vida mais fragilizada, que, no caso em quest\u00e3o, \u00e9 a vida do nascituro\u201d.<\/p>\n<p>O episcopado exorta ainda que os cat\u00f3licos e todas as pessoas que desejam um pa\u00eds democr\u00e1tico, pac\u00edfico e protetor da vida se posicionem contr\u00e1rios ao que est\u00e1 sendo proposto atrav\u00e9s da presente medida judicial que permite o aborto at\u00e9 doze semanas de gesta\u00e7\u00e3o.<\/p>\n<p>Concluindo a mensagem, os bispos conclamam especificamente os cat\u00f3licos a se manifestarem do seguinte modo: lendo e conversando sobre a mensagem, reunindo familiares, amigos e membros das comunidades; repicando longamente os sinos de todas as igrejas do Estado do Rio de Janeiro, no dia 2 de agosto, Dia do Perd\u00e3o de Assis, Festa da Porci\u00fancula, \u00e0s 15h, Hora da Miseric\u00f3rdia; participando, em cada diocese, de momentos p\u00fablicos e pac\u00edficos para expressar a toda \u00e0 sociedade a import\u00e2ncia da defesa e promo\u00e7\u00e3o da vida; realizando, ao longo do mesmo dia 2, e em especial na parte da noite, hora santa em repara\u00e7\u00e3o.<\/p>\n<p>O arcebispo do Rio de Janeiro, Cardeal Orani Jo\u00e3o Tempesta falou ao Vatican News.<\/p>\n<p><b>Leia a mensagem:<\/b><\/p>\n<p><b>\u201cESCOLHE,\u00a0POIS,\u00a0A VIDA!\u201d\u00a0<\/b>(DT. 30,19)<\/p>\n<p><b>MENSAGEM DOS BISPOS DO\u00a0REGIONAL\u00a0LESTE\u00a01 POR OCASI\u00c3O DA\u00a0ADPF 442<\/b><\/p>\n<p>N\u00f3s, bispos do Regional Leste 1 da CNBB, que abrange todo o Estado do Rio de Janeiro, manifestamo-nos em face da\u00a0A\u00e7\u00e3o de Descumprimento de Preceito Fundamental 442\/2017\u00a0(ADPF 442). Conclamamos os cat\u00f3licos e todas as pessoas que desejam um pa\u00eds democr\u00e1tico, pac\u00edfico e protetor da vida a se posicionarem contr\u00e1rios ao que est\u00e1 sendo proposto atrav\u00e9s desta medida judicial. Por ela, agride-se a vida, permitindo o aborto at\u00e9 doze semanas de gesta\u00e7\u00e3o.<\/p>\n<p>Explicitamente manifestamos nosso irrenunci\u00e1vel compromisso com a vida desde a concep\u00e7\u00e3o at\u00e9 a morte natural, com especial aten\u00e7\u00e3o \u00e0 vida mais fragilizada, que, no caso em quest\u00e3o, \u00e9 a vida do nascituro.<\/p>\n<p>Reiteramos que a defesa da vida, em todas as suas inst\u00e2ncias, al\u00e9m de ser um princ\u00edpio de f\u00e9, \u00e9 tamb\u00e9m condi\u00e7\u00e3o indispens\u00e1vel para que a democracia seja consolidada. Uma na\u00e7\u00e3o que n\u00e3o sabe proteger a vida que ainda est\u00e1 por nascer revela a fragilidade de sua condi\u00e7\u00e3o democr\u00e1tica, por mais que afirme o contr\u00e1rio.<\/p>\n<p>Al\u00e9m disso, uma democracia se consolida quando a Constitui\u00e7\u00e3o do pa\u00eds \u00e9 respeitada. No caso em quest\u00e3o, sob o pretexto de se tratar de uma reinterpreta\u00e7\u00e3o do C\u00f3digo Penal, tenta-se inserir no ordenamento jur\u00eddico brasileiro uma agress\u00e3o direta ao artigo 5\u00ba de nossa Lei Maior, cabendo, portanto, a todos os cidad\u00e3os e institui\u00e7\u00f5es indagarem-se a respeito de tal estrat\u00e9gia de agress\u00e3o \u00e0 vida. O referido artigo 5\u00ba, ao garantir a inviolabilidade do direito \u00e0 vida, \u00e9 uma cl\u00e1usula p\u00e9trea institu\u00edda pelo constituinte origin\u00e1rio, n\u00e3o sendo poss\u00edvel, portanto, altera\u00e7\u00f5es ou revoga\u00e7\u00f5es para perda de direitos fundamentais, ainda que sob a capa de atualiza\u00e7\u00f5es ou reinterpreta\u00e7\u00f5es.<\/p>\n<p>Uma efetiva democracia se consolida atrav\u00e9s da distribui\u00e7\u00e3o dos poderes com n\u00edtida distin\u00e7\u00e3o entre fazer leis e zelar por seu cumprimento. Uma vez que a quest\u00e3o abordada pela ADPF 442 n\u00e3o se encontra em mora legislativa, ou seja, o tema permanece em discuss\u00e3o no Congresso Nacional &#8211; inclusive com rejei\u00e7\u00e3o expressa de projeto de lei que intentava descriminalizar o aborto no Brasil &#8211; e existe uma legisla\u00e7\u00e3o em vigor, \u00e9 preciso evitar que se ultrapassem os limites entre o guardi\u00e3o e o reformador da lei, numa confus\u00e3o de fun\u00e7\u00f5es que n\u00e3o \u00e9 ben\u00e9fica para a rela\u00e7\u00e3o entre os poderes, a na\u00e7\u00e3o e seus cidad\u00e3os.<\/p>\n<p>Para tratar da ADPF 442, marcou-se audi\u00eancia p\u00fablica no Supremo Tribunal Federal prevista para os dias 3 e 6 de agosto, tendo sido convocadas pessoas e entidades para se manifestarem quanto \u00e0 descriminaliza\u00e7\u00e3o do aborto. Por certo, uma democracia necessita encontrar caminhos para que as diversas formas de compreens\u00e3o sejam equitativamente acolhidas, com iguais condi\u00e7\u00f5es de express\u00e3o acerca do modo como compreendem a realidade sob consulta. Se, por receio de inviabiliza\u00e7\u00e3o da audi\u00eancia, o n\u00famero de pessoas e entidades a se manifestarem se torna limitado, insistimos que esta limita\u00e7\u00e3o n\u00e3o implique desequil\u00edbrio entre as diversas tend\u00eancias, de modo que, j\u00e1 no ouvir, uma ou outra tend\u00eancia acabe por predominar<\/p>\n<p>Afirmamos claramente o direito de nos manifestar com base em nossa cren\u00e7a em Deus, uma vez que a f\u00e9 nos compromete com a vida e com a cidadania. O fato de termos f\u00e9 n\u00e3o nos torna cidad\u00e3os de condi\u00e7\u00e3o inferior, incapazes de se manifestar sobre os rumos da na\u00e7\u00e3o. O Estado \u00e9 laico como condi\u00e7\u00e3o para servir aos cidad\u00e3os, n\u00e3o para impor a todos um modo de compreender a realidade e com ela interagir. A laicidade do Estado n\u00e3o pode ser utilizada para desrespeitar os cidad\u00e3os em suas convic\u00e7\u00f5es mais profundas.<\/p>\n<p>Respeitamos e tudo faremos para defender a liberdade de consci\u00eancia de cada pessoa. N\u00e3o aceitamos, todavia, uma na\u00e7\u00e3o em que a liberdade de uns custe o pre\u00e7o da vida de outros, em especial de outros que n\u00e3o t\u00eam voz pr\u00f3pria nem capacidade de manifesta\u00e7\u00e3o direta de defesa, exatamente pela condi\u00e7\u00e3o natural de nascituros.<\/p>\n<p>Louvamos e bendizemos a Deus pelas mulheres que, abrindo-se \u00e0 grandeza da maternidade, geram novas vidas. Unimo-nos solidariamente \u00e0s mulheres angustiadas pela exclus\u00e3o social em suas variadas formas. Perguntamo-nos, entretanto, se a solu\u00e7\u00e3o para elas se encontra na interrup\u00e7\u00e3o da gravidez ou no empenho de todos por uma na\u00e7\u00e3o em que os direitos fundamentais sejam efetivamente reconhecidos e cumpridos.<\/p>\n<p>Clamamos para que n\u00e3o se camuflem as verdadeiras ang\u00fastias atrav\u00e9s da sensa\u00e7\u00e3o de falsa autonomia e emancipa\u00e7\u00e3o com acesso a sistemas de abortamento. Nosso pa\u00eds necessita de sa\u00fade acess\u00edvel a todos e todas, de apoio pr\u00e9-natal \u00e0 maternidade e \u00e0 inf\u00e2ncia, de valoriza\u00e7\u00e3o da fam\u00edlia, com moradia, emprego, educa\u00e7\u00e3o e tantas outras realidades que todos conhecemos e pelas quais incansavelmente trabalhamos.<\/p>\n<p>Pedimos a cada cidad\u00e3o e cidad\u00e3 que reflita bastante a respeito do momento em que este tema volta a ser apresentado e do modo como ele est\u00e1 sendo encaminhado. Estamos praticamente a tr\u00eas meses das elei\u00e7\u00f5es para cargos estaduais e federais, dentre eles, os cargos do Congresso Nacional. Num per\u00edodo em que o Brasil se esfor\u00e7a por reencontrar seu rumo, como na\u00e7\u00e3o que defende e promove a vida, perguntamo-nos quais s\u00e3o os reais interesses pol\u00edticos dessa tentativa de judicializa\u00e7\u00e3o de uma quest\u00e3o t\u00e3o importante.<\/p>\n<p>Conclamamos especificamente os cat\u00f3licos a se manifestarem do seguinte modo:<\/p>\n<p>Lendo e conversando sobre esta mensagem, reunindo familiares, amigos e membros das comunidades.<\/p>\n<p>Repicando longamente os sinos de todas as igrejas do Estado do Rio de Janeiro, no dia\u00a0<b>2 de agosto<\/b>, Dia do Perd\u00e3o de Assis, Festa da Porci\u00fancula, \u00e0s\u00a0<b>15:00<\/b>, Hora da Miseric\u00f3rdia.<\/p>\n<p>Participando, em cada diocese, de momentos p\u00fablicos e pac\u00edficos para expressar a toda a sociedade a import\u00e2ncia da defesa e promo\u00e7\u00e3o da vida. i<\/p>\n<p>Realizando, ao longo do mesmo dia 2, e em especial na parte da noite, hora santa em repara\u00e7\u00e3o. ii<\/p>\n<p>Confiamos ao Deus da vida este momento de nosso pa\u00eds, t\u00e3o repleto de desafios. Pedimos for\u00e7as para proclamar e trabalhar para que a morte nunca seja a solu\u00e7\u00e3o. Pedimos \u00e0 Virgem Aparecida, M\u00e3e e Rainha do Brasil, que obtenha junto de Seu Amado Filho a gra\u00e7a de se fortalecer em nosso pa\u00eds a cultura da vida, da paz e do respeito incondicional \u00e0 pessoa humana, desde o ventre materno at\u00e9 a morte natural. Um pa\u00eds s\u00f3 cresce garantindo a vida para todos.<\/p>\n<p>Rio de Janeiro, 26 de julho de 2018, celebra\u00e7\u00e3o de S. Joaquim e Sant\u2019Ana, av\u00f3s de Jesus<\/p>\n<p>Cardeal Orani Jo\u00e3o Tempesta, OCist Arcebispo de S\u00e3o Sebasti\u00e3o do Rio de Janeiro, Presidente do Regional Leste 1<\/p>\n<p>Dom Jos\u00e9 Francisco Rezende Dias, Arcebispo de Niter\u00f3i, vice-presidente do Regional Leste 1<\/p>\n<p>Dom Tarc\u00edsio Nascentes dos Santos, Bispo de Duque de Caxias, secret\u00e1rio do Regional Leste 1<\/p>\n<p>Dom Jos\u00e9 Ubiratan Lopes, Bispo de Itagua\u00ed<\/p>\n<p>Dom Luciano Bergamin, Bispo de Nova Igua\u00e7u<\/p>\n<p>Dom Francesco Biasin, Bispo de Barra do Pira\u00ed-Volta Redonda<\/p>\n<p>Dom Nelson Francelino Ferreira, Bispo de Valen\u00e7a<\/p>\n<p>Dom Edney Gouv\u00eaa Mattoso, Bispo de Nova Friburgo<\/p>\n<p>Dom Greg\u00f3rio Paix\u00e3o, Bispo de Petr\u00f3polis<\/p>\n<p>Dom Roberto Francisco Ferrer\u00eda Paz, Bispo de Campos<\/p>\n<p>Dom Fernando Ar\u00eaas Rifan, Administrador Apost\u00f3lico da Administra\u00e7\u00e3o Apost\u00f3lica Pessoal S\u00e3o Jo\u00e3o Maria Vianney<\/p>\n<p>Dom Luiz Ant\u00f4nio Lopes Ricci, Bispo Auxiliar de Niter\u00f3i<\/p>\n<p>Dom Ant\u00f4nio Augusto Dias Duarte, Bispo Auxiliar de S\u00e3o Sebasti\u00e3o do Rio de Janeiro<\/p>\n<p>Dom Luiz Henrique da Silva Brito, Bispo Auxiliar de S\u00e3o Sebasti\u00e3o do Rio de Janeiro<\/p>\n<p>Dom Roque Costa Souza, Bispo Auxiliar de S\u00e3o Sebasti\u00e3o do Rio de Janeiro<\/p>\n<p>Dom Joel Portella Amado, Bispo Auxiliar de S\u00e3o Sebasti\u00e3o do Rio de Janeiro<\/p>\n<p>Dom Paulo Alves Rom\u00e3o, Bispo Auxiliar de S\u00e3o Sebasti\u00e3o do Rio de Janeiro<\/p>\n<p>Dom Juarez Delorto Secco, Bispo Auxiliar de S\u00e3o Sebasti\u00e3o do Rio de Janeiro<\/p>\n<p>Dom Paulo Celso Dias Nascimento, Bispo Auxiliar de S\u00e3o Sebasti\u00e3o do Rio de Janeiro<\/p>\n<p>Dom Alano Maria Pena, Arcebispo Em\u00e9rito de Niter\u00f3i<\/p>\n<p>Dom Jo\u00e3o Maria Messi, Bispo Em\u00e9rito de Barra do Pira\u00ed-Volta Redonda<\/p>\n<p>Dom Elias James Manning, Bispo Em\u00e9rito de Valen\u00e7a<\/p>\n<p>Dom Roberto Gomes Guimar\u00e3es, Bispo Em\u00e9rito de Campos<\/p>\n<p>Dom Assis Lopes, Bispo Auxiliar Em\u00e9rito de S\u00e3o Sebasti\u00e3o do Rio de Janeiro<\/p>\n<p>Dom Karl Josef Romer, Bispo Auxiliar Em\u00e9rito de S\u00e3o Sebasti\u00e3o do Rio de Janeiro<\/p>\n<p>&nbsp;<\/p>\n<p>Na Arquidiocese do Rio de Janeiro, em nome de todo o Regional, este momento de ora\u00e7\u00e3o ser\u00e1 aos p\u00e9s do Cristo Redentor, no Corcovado.<\/p>\n<p>&nbsp;<\/p>\n<\/div>\n<p>Fonte: R\u00e1dio Vaticano<\/p>\n","protected":false},"excerpt":{"rendered":"<p>V\u00e1rias dioceses e arquidioceses brasileiras emitiram nos \u00faltimos dias notas de rep\u00fadio ao Supremo Tribunal Federal (STF) contra as raz\u00f5es apresentadas na Argui\u00e7\u00e3o de Descumprimento de Preceito Fundamental 442 (ADPF 442), proposta pelo Partido Socialismo e Liberdade (PSOL). A proposta visa descriminalizar o aborto at\u00e9 a 12\u00aa semana de gesta\u00e7\u00e3o. Rio de Janeiro No \u00faltimo [&hellip;]<\/p>\n","protected":false},"author":1,"featured_media":42568,"comment_status":"open","ping_status":"closed","sticky":false,"template":"","format":"standard","meta":{"footnotes":""},"categories":[13],"tags":[],"class_list":["post-42567","post","type-post","status-publish","format-standard","has-post-thumbnail","hentry","category-featured"],"_links":{"self":[{"href":"https:\/\/catolicanet.net\/wp-cnet\/wp-json\/wp\/v2\/posts\/42567","targetHints":{"allow":["GET"]}}],"collection":[{"href":"https:\/\/catolicanet.net\/wp-cnet\/wp-json\/wp\/v2\/posts"}],"about":[{"href":"https:\/\/catolicanet.net\/wp-cnet\/wp-json\/wp\/v2\/types\/post"}],"author":[{"embeddable":true,"href":"https:\/\/catolicanet.net\/wp-cnet\/wp-json\/wp\/v2\/users\/1"}],"replies":[{"embeddable":true,"href":"https:\/\/catolicanet.net\/wp-cnet\/wp-json\/wp\/v2\/comments?post=42567"}],"version-history":[{"count":1,"href":"https:\/\/catolicanet.net\/wp-cnet\/wp-json\/wp\/v2\/posts\/42567\/revisions"}],"predecessor-version":[{"id":42569,"href":"https:\/\/catolicanet.net\/wp-cnet\/wp-json\/wp\/v2\/posts\/42567\/revisions\/42569"}],"wp:featuredmedia":[{"embeddable":true,"href":"https:\/\/catolicanet.net\/wp-cnet\/wp-json\/wp\/v2\/media\/42568"}],"wp:attachment":[{"href":"https:\/\/catolicanet.net\/wp-cnet\/wp-json\/wp\/v2\/media?parent=42567"}],"wp:term":[{"taxonomy":"category","embeddable":true,"href":"https:\/\/catolicanet.net\/wp-cnet\/wp-json\/wp\/v2\/categories?post=42567"},{"taxonomy":"post_tag","embeddable":true,"href":"https:\/\/catolicanet.net\/wp-cnet\/wp-json\/wp\/v2\/tags?post=42567"}],"curies":[{"name":"wp","href":"https:\/\/api.w.org\/{rel}","templated":true}]}}