{"id":42545,"date":"2018-07-30T14:51:32","date_gmt":"2018-07-30T17:51:32","guid":{"rendered":"http:\/\/catolicanet.net\/wp-cnet\/?p=42545"},"modified":"2018-07-30T14:51:32","modified_gmt":"2018-07-30T17:51:32","slug":"mocambique-apos-ciclone-tropical-capelas-sao-reconstruidas","status":"publish","type":"post","link":"https:\/\/catolicanet.net\/wp-cnet\/mocambique-apos-ciclone-tropical-capelas-sao-reconstruidas\/","title":{"rendered":"Mo\u00e7ambique: Ap\u00f3s ciclone tropical, capelas s\u00e3o reconstru\u00eddas"},"content":{"rendered":"<div class=\"post-content\">\n<p>Em janeiro de 2017, a regi\u00e3o costeira do norte de <a href=\"https:\/\/www.acn.org.br\/images\/stories\/RLRM2016\/pDFs\/RLRM-2016-Mocambique.pdf\" target=\"_blank\" rel=\"noopener\">Mo\u00e7ambique<\/a> foi atingida por um grande ciclone durante cinco dias. Localizado no sudeste da \u00c1frica, \u00e9 considerado um dos pa\u00edses mais pobres do mundo; ademais, a tempestade tropical trouxe forte chuva que devastou grande parte da zona rural de duas das prov\u00edncias costeiras. Desse modo, milhares de casas foram destru\u00eddas e in\u00fameras pessoas ficaram desabrigadas.<\/p>\n<p>Muitas das propriedades da Igreja Cat\u00f3lica tamb\u00e9m ficaram seriamente danificadas; especialmente na par\u00f3quia de miss\u00e3o de Netia-Natete na diocese de Nacala. Essa par\u00f3quia cobre uma \u00e1rea grande e predominantemente rural que, al\u00e9m disso, \u00e9 muito pobre. Ela tem mais de 120 postos de fronteira, com suas pr\u00f3prias capelas bem pequenas e modestas, onde os fi\u00e9is se re\u00fanem para catequese e ora\u00e7\u00e3o. Mais da metade dessas capelas \u2013 em torno de 66 \u2013 foram destru\u00eddas pelo ciclone.<\/p>\n<h2 data-fontsize=\"30\" data-lineheight=\"39\">Esperan\u00e7a aos desconsolados<\/h2>\n<div id=\"attachment_11651\" class=\"wp-caption alignleft\"><img loading=\"lazy\" decoding=\"async\" class=\"wp-image-11651 size-400\" src=\"https:\/\/www.acn.org.br\/wp-content\/uploads\/2018\/07\/ACN-Projetos-2018-2Apos-ciclone-tropical-capelas-sao-reconstruidas-na-zona-rural-de-duas-provincias-costeiras-de-Mocambique-30.07-400x253.jpg\" sizes=\"auto, (max-width: 400px) 100vw, 400px\" srcset=\"https:\/\/www.acn.org.br\/wp-content\/uploads\/2018\/07\/ACN-Projetos-2018-2Apos-ciclone-tropical-capelas-sao-reconstruidas-na-zona-rural-de-duas-provincias-costeiras-de-Mocambique-30.07-200x126.jpg 200w, https:\/\/www.acn.org.br\/wp-content\/uploads\/2018\/07\/ACN-Projetos-2018-2Apos-ciclone-tropical-capelas-sao-reconstruidas-na-zona-rural-de-duas-provincias-costeiras-de-Mocambique-30.07-300x189.jpg 300w, https:\/\/www.acn.org.br\/wp-content\/uploads\/2018\/07\/ACN-Projetos-2018-2Apos-ciclone-tropical-capelas-sao-reconstruidas-na-zona-rural-de-duas-provincias-costeiras-de-Mocambique-30.07-320x202.jpg 320w, https:\/\/www.acn.org.br\/wp-content\/uploads\/2018\/07\/ACN-Projetos-2018-2Apos-ciclone-tropical-capelas-sao-reconstruidas-na-zona-rural-de-duas-provincias-costeiras-de-Mocambique-30.07-400x253.jpg 400w, https:\/\/www.acn.org.br\/wp-content\/uploads\/2018\/07\/ACN-Projetos-2018-2Apos-ciclone-tropical-capelas-sao-reconstruidas-na-zona-rural-de-duas-provincias-costeiras-de-Mocambique-30.07-600x379.jpg 600w, https:\/\/www.acn.org.br\/wp-content\/uploads\/2018\/07\/ACN-Projetos-2018-2Apos-ciclone-tropical-capelas-sao-reconstruidas-na-zona-rural-de-duas-provincias-costeiras-de-Mocambique-30.07-700x441.jpg 700w, https:\/\/www.acn.org.br\/wp-content\/uploads\/2018\/07\/ACN-Projetos-2018-2Apos-ciclone-tropical-capelas-sao-reconstruidas-na-zona-rural-de-duas-provincias-costeiras-de-Mocambique-30.07-768x485.jpg 768w, https:\/\/www.acn.org.br\/wp-content\/uploads\/2018\/07\/ACN-Projetos-2018-2Apos-ciclone-tropical-capelas-sao-reconstruidas-na-zona-rural-de-duas-provincias-costeiras-de-Mocambique-30.07-800x505.jpg 800w, https:\/\/www.acn.org.br\/wp-content\/uploads\/2018\/07\/ACN-Projetos-2018-2Apos-ciclone-tropical-capelas-sao-reconstruidas-na-zona-rural-de-duas-provincias-costeiras-de-Mocambique-30.07-1024x647.jpg 1024w, https:\/\/www.acn.org.br\/wp-content\/uploads\/2018\/07\/ACN-Projetos-2018-2Apos-ciclone-tropical-capelas-sao-reconstruidas-na-zona-rural-de-duas-provincias-costeiras-de-Mocambique-30.07-1200x758.jpg 1200w, https:\/\/www.acn.org.br\/wp-content\/uploads\/2018\/07\/ACN-Projetos-2018-2Apos-ciclone-tropical-capelas-sao-reconstruidas-na-zona-rural-de-duas-provincias-costeiras-de-Mocambique-30.07.jpg 1900w\" alt=\"Constru\u00e7\u00e3o de capelas destru\u00eddas por ciclones em Janeiro de 2018, norte de Mo\u00e7ambique.\" width=\"400\" height=\"253\" \/><\/p>\n<p class=\"wp-caption-text\"><small> Reconstru\u00e7\u00e3o de capelas destru\u00eddas por ciclones em Janeiro de 2018, norte de Mo\u00e7ambique <\/small><\/p>\n<\/div>\n<p>Ent\u00e3o, o Padre Antonio se dirigiu \u00e0\u00a0Funda\u00e7\u00e3o Pontif\u00edcia ACN para pedir ajuda, pois os fi\u00e9is cat\u00f3licos desses vilarejos est\u00e3o desconsolados por terem perdido seus locais de adora\u00e7\u00e3o e de escuta da Palavra. Agora eles est\u00e3o esperando reconstruir pequenas capelas para que possam se reunir e rezar, principalmente nos vilarejos mais remotos e de dif\u00edcil acesso da regi\u00e3o. Eles planejam reconstruir ao menos duas capelas. Os fi\u00e9is cat\u00f3licos da regi\u00e3o sobrevivem de forma muito prec\u00e1ria; ainda assim, deram sua modesta contribui\u00e7\u00e3o para a obra e prometeram pagar os carpinteiros que far\u00e3o o telhado.<\/p>\n<p>No entanto, a par\u00f3quia ainda precisa da ajuda da ACN para pagar os caros materiais de constru\u00e7\u00e3o.<\/p>\n<\/div>\n<p>&nbsp;<\/p>\n<p>Fonte: ACN<\/p>\n","protected":false},"excerpt":{"rendered":"<p>Em janeiro de 2017, a regi\u00e3o costeira do norte de Mo\u00e7ambique foi atingida por um grande ciclone durante cinco dias. Localizado no sudeste da \u00c1frica, \u00e9 considerado um dos pa\u00edses mais pobres do mundo; ademais, a tempestade tropical trouxe forte chuva que devastou grande parte da zona rural de duas das prov\u00edncias costeiras. Desse modo, [&hellip;]<\/p>\n","protected":false},"author":1,"featured_media":42546,"comment_status":"open","ping_status":"closed","sticky":false,"template":"","format":"standard","meta":{"footnotes":""},"categories":[4],"tags":[],"class_list":["post-42545","post","type-post","status-publish","format-standard","has-post-thumbnail","hentry","category-cotidiano"],"_links":{"self":[{"href":"https:\/\/catolicanet.net\/wp-cnet\/wp-json\/wp\/v2\/posts\/42545","targetHints":{"allow":["GET"]}}],"collection":[{"href":"https:\/\/catolicanet.net\/wp-cnet\/wp-json\/wp\/v2\/posts"}],"about":[{"href":"https:\/\/catolicanet.net\/wp-cnet\/wp-json\/wp\/v2\/types\/post"}],"author":[{"embeddable":true,"href":"https:\/\/catolicanet.net\/wp-cnet\/wp-json\/wp\/v2\/users\/1"}],"replies":[{"embeddable":true,"href":"https:\/\/catolicanet.net\/wp-cnet\/wp-json\/wp\/v2\/comments?post=42545"}],"version-history":[{"count":1,"href":"https:\/\/catolicanet.net\/wp-cnet\/wp-json\/wp\/v2\/posts\/42545\/revisions"}],"predecessor-version":[{"id":42547,"href":"https:\/\/catolicanet.net\/wp-cnet\/wp-json\/wp\/v2\/posts\/42545\/revisions\/42547"}],"wp:featuredmedia":[{"embeddable":true,"href":"https:\/\/catolicanet.net\/wp-cnet\/wp-json\/wp\/v2\/media\/42546"}],"wp:attachment":[{"href":"https:\/\/catolicanet.net\/wp-cnet\/wp-json\/wp\/v2\/media?parent=42545"}],"wp:term":[{"taxonomy":"category","embeddable":true,"href":"https:\/\/catolicanet.net\/wp-cnet\/wp-json\/wp\/v2\/categories?post=42545"},{"taxonomy":"post_tag","embeddable":true,"href":"https:\/\/catolicanet.net\/wp-cnet\/wp-json\/wp\/v2\/tags?post=42545"}],"curies":[{"name":"wp","href":"https:\/\/api.w.org\/{rel}","templated":true}]}}