{"id":4254,"date":"2014-02-18T18:13:59","date_gmt":"2014-02-18T21:13:59","guid":{"rendered":"http:\/\/catolicanet.net\/wp-cnet\/papa-francisco-renovou-documentos-argentinos\/"},"modified":"2017-04-04T16:40:26","modified_gmt":"2017-04-04T19:40:26","slug":"papa-francisco-renovou-documentos-argentinos","status":"publish","type":"post","link":"https:\/\/catolicanet.net\/wp-cnet\/papa-francisco-renovou-documentos-argentinos\/","title":{"rendered":"Papa Francisco renovou documentos argentinos"},"content":{"rendered":"<p style=\"text-align: justify;\">\n<p><img decoding=\"async\" src=\"http:\/\/catolicanet.com.br\/images\/stories\/papadocumento.jpg\" border=\"0\" align=\"left\" \/>O Papa Francisco decidiu n\u00e3o usar o passaporte diplom\u00e1tico da Santa S\u00e9 e renovou sua Carteira de Identidade (DNI) e seu passaporte argentinos. Os tr\u00e2mites foram feitos pelo Embaixador da Argentina junto \u00e0 Santa S\u00e9, Juan Pablo Cafiero, segundo informou o Ministro do Interior e Transporte, Flor\u00eancio Randazzo.<\/p>\n<p>O Ministro assegurou que o Pont\u00edfice desejava \u201cseguir viajando pelo mundo com o passaporte argentino\u201d, e por isto solicitou a renova\u00e7\u00e3o de seus documentos \u00e0s autoridades argentinas. Francisco receber\u00e1 nos pr\u00f3ximos dias sua documenta\u00e7\u00e3o no Vaticano, j\u00e1 que pediu que os tr\u00e2mites seguissem seu curso normal, sem nenhum privil\u00e9gio.<\/p>\n<p>\u201cO Papa realizou o tr\u00e2mite seguido por todos os argentinos, tirando uma foto digital e suas digitais e deixando sua assinatura, num processo que durou 15 minutos. Nos pr\u00f3ximos dias ele estar\u00e1 recebendo o documento na Domus Santa Marta, no Vaticano, onde declarou resid\u00eancia\u201d, precisou Randazzo.<\/p>\n<p>Na nova carteira de identidade e no passaporte Jorge Mario Bergoglio aparece vestido com o h\u00e1bito branco papal. <\/p>\n<p><strong>Fonte:<\/strong> R\u00e1dio Vaticano<\/p>\n","protected":false},"excerpt":{"rendered":"<p>O Papa Francisco decidiu n\u00e3o usar o passaporte diplom\u00e1tico da Santa S\u00e9 e renovou sua Carteira de Identidade (DNI) e seu passaporte argentinos. Os tr\u00e2mites foram feitos pelo Embaixador da Argentina junto \u00e0 Santa S\u00e9, Juan Pablo Cafiero, segundo informou o Ministro do Interior e Transporte, Flor\u00eancio Randazzo. O Ministro assegurou que o Pont\u00edfice desejava [&hellip;]<\/p>\n","protected":false},"author":1,"featured_media":0,"comment_status":"closed","ping_status":"closed","sticky":false,"template":"","format":"standard","meta":{"footnotes":""},"categories":[3],"tags":[],"class_list":["post-4254","post","type-post","status-publish","format-standard","hentry","category-vaticano"],"_links":{"self":[{"href":"https:\/\/catolicanet.net\/wp-cnet\/wp-json\/wp\/v2\/posts\/4254","targetHints":{"allow":["GET"]}}],"collection":[{"href":"https:\/\/catolicanet.net\/wp-cnet\/wp-json\/wp\/v2\/posts"}],"about":[{"href":"https:\/\/catolicanet.net\/wp-cnet\/wp-json\/wp\/v2\/types\/post"}],"author":[{"embeddable":true,"href":"https:\/\/catolicanet.net\/wp-cnet\/wp-json\/wp\/v2\/users\/1"}],"replies":[{"embeddable":true,"href":"https:\/\/catolicanet.net\/wp-cnet\/wp-json\/wp\/v2\/comments?post=4254"}],"version-history":[{"count":1,"href":"https:\/\/catolicanet.net\/wp-cnet\/wp-json\/wp\/v2\/posts\/4254\/revisions"}],"predecessor-version":[{"id":9247,"href":"https:\/\/catolicanet.net\/wp-cnet\/wp-json\/wp\/v2\/posts\/4254\/revisions\/9247"}],"wp:attachment":[{"href":"https:\/\/catolicanet.net\/wp-cnet\/wp-json\/wp\/v2\/media?parent=4254"}],"wp:term":[{"taxonomy":"category","embeddable":true,"href":"https:\/\/catolicanet.net\/wp-cnet\/wp-json\/wp\/v2\/categories?post=4254"},{"taxonomy":"post_tag","embeddable":true,"href":"https:\/\/catolicanet.net\/wp-cnet\/wp-json\/wp\/v2\/tags?post=4254"}],"curies":[{"name":"wp","href":"https:\/\/api.w.org\/{rel}","templated":true}]}}