{"id":4252,"date":"2014-02-18T18:05:21","date_gmt":"2014-02-18T21:05:21","guid":{"rendered":"http:\/\/catolicanet.net\/wp-cnet\/saude-e-salvacao-as-realidades-em-que-atuam-os-camilianos\/"},"modified":"2017-04-04T16:41:44","modified_gmt":"2017-04-04T19:41:44","slug":"saude-e-salvacao-as-realidades-em-que-atuam-os-camilianos","status":"publish","type":"post","link":"https:\/\/catolicanet.net\/wp-cnet\/saude-e-salvacao-as-realidades-em-que-atuam-os-camilianos\/","title":{"rendered":"Sa\u00fade e salva\u00e7\u00e3o. As realidades em que atuam os camilianos"},"content":{"rendered":"<p style=\"text-align: justify;\"><img decoding=\"async\" src=\"http:\/\/catolicanet.com.br\/images\/stories\/camilianos.jpg\" border=\"0\" align=\"left\" \/>Continuamos em nosso espa\u00e7o de sa\u00fade a nossa conversa sobre a mensagem do Papa para o Dia Mundial do Enfermo com o Pe. Alberto Marques de Sousa, Secret\u00e1rio-Geral da Ordem dos Ministros dos Enfermos, Conselheiro Geral e respons\u00e1vel pelo Minist\u00e9rio da Ordem.<\/p>\n<p>O Dia Mundial do Enfermo foi celebrado na ter\u00e7a-feira passado e teve como tema &#8220;F\u00e9 e caridade: Tamb\u00e9m n\u00f3s devemos dar a vida pelos nossos irm\u00e3os&#8221;.<\/p>\n<p>O sacerdote camiliano nos fala hoje sobre as realidades dram\u00e1ticas em que atuam os Ministros dos Enfermos.<\/p>\n<p><strong>Fonte: <\/strong>R\u00e1dio Vaticano<\/p>\n","protected":false},"excerpt":{"rendered":"<p>Continuamos em nosso espa\u00e7o de sa\u00fade a nossa conversa sobre a mensagem do Papa para o Dia Mundial do Enfermo com o Pe. Alberto Marques de Sousa, Secret\u00e1rio-Geral da Ordem dos Ministros dos Enfermos, Conselheiro Geral e respons\u00e1vel pelo Minist\u00e9rio da Ordem. O Dia Mundial do Enfermo foi celebrado na ter\u00e7a-feira passado e teve como [&hellip;]<\/p>\n","protected":false},"author":1,"featured_media":0,"comment_status":"closed","ping_status":"closed","sticky":false,"template":"","format":"standard","meta":{"footnotes":""},"categories":[3],"tags":[],"class_list":["post-4252","post","type-post","status-publish","format-standard","hentry","category-vaticano"],"_links":{"self":[{"href":"https:\/\/catolicanet.net\/wp-cnet\/wp-json\/wp\/v2\/posts\/4252","targetHints":{"allow":["GET"]}}],"collection":[{"href":"https:\/\/catolicanet.net\/wp-cnet\/wp-json\/wp\/v2\/posts"}],"about":[{"href":"https:\/\/catolicanet.net\/wp-cnet\/wp-json\/wp\/v2\/types\/post"}],"author":[{"embeddable":true,"href":"https:\/\/catolicanet.net\/wp-cnet\/wp-json\/wp\/v2\/users\/1"}],"replies":[{"embeddable":true,"href":"https:\/\/catolicanet.net\/wp-cnet\/wp-json\/wp\/v2\/comments?post=4252"}],"version-history":[{"count":1,"href":"https:\/\/catolicanet.net\/wp-cnet\/wp-json\/wp\/v2\/posts\/4252\/revisions"}],"predecessor-version":[{"id":9250,"href":"https:\/\/catolicanet.net\/wp-cnet\/wp-json\/wp\/v2\/posts\/4252\/revisions\/9250"}],"wp:attachment":[{"href":"https:\/\/catolicanet.net\/wp-cnet\/wp-json\/wp\/v2\/media?parent=4252"}],"wp:term":[{"taxonomy":"category","embeddable":true,"href":"https:\/\/catolicanet.net\/wp-cnet\/wp-json\/wp\/v2\/categories?post=4252"},{"taxonomy":"post_tag","embeddable":true,"href":"https:\/\/catolicanet.net\/wp-cnet\/wp-json\/wp\/v2\/tags?post=4252"}],"curies":[{"name":"wp","href":"https:\/\/api.w.org\/{rel}","templated":true}]}}