{"id":42498,"date":"2018-07-27T09:12:14","date_gmt":"2018-07-27T12:12:14","guid":{"rendered":"http:\/\/catolicanet.net\/wp-cnet\/?p=42498"},"modified":"2018-07-27T09:12:14","modified_gmt":"2018-07-27T12:12:14","slug":"o-papa-francisco-no-rio-de-janeiro-2","status":"publish","type":"post","link":"https:\/\/catolicanet.net\/wp-cnet\/o-papa-francisco-no-rio-de-janeiro-2\/","title":{"rendered":"O Papa Francisco no Rio de Janeiro"},"content":{"rendered":"<p>Comemoramos neste ano o quinto anivers\u00e1rio da primeira viagem apost\u00f3lica internacional do Papa Francisco. Foi para presidir a JMJ Rio 2013 que tantas mem\u00f3rias bonitas nos deixou. Neste ano iremos celebrar a JMJ Fest Rio no dia 28 de julho em nosso Catedral Metropolitana. Neste ano que teremos o S\u00ednodo dos Bispos sobre a o discernimento vocacional da juventude e nos preparamos para a JMJ no Panam\u00e1 no final de janeiro pr\u00f3ximo \u00e9 tempo de reviver e retomar valores apreendidos em 2013.<\/p>\n<p>Viver a Jornada Mundial da Juventude no Rio de Janeiro, proporcionou a milhares de peregrinos, entres os quais o primeiro me incluo junto com o Papa Francisco, em uma experi\u00eancia de vida \u00fanica em todos os sentidos, e com certeza levarei para toda vida.<\/p>\n<p>Primeiramente por estar com pessoas de diferentes culturas, idiomas, movimentos crist\u00e3os, que embora fossem t\u00e3o diferentes, estavam unidos por uma s\u00f3 linguagem: a do amor de Jesus. Pude conviver aqueles dias com pessoas que me ensinaram muito, com seu modo de viver, de expressarem sua f\u00e9. Foi contagiante a alegria por todos os lugares que passamos, desde o alojamento, no metr\u00f4, pelas ruas, pelas longas filas (que os jovens deram uma demonstra\u00e7\u00e3o de educa\u00e7\u00e3o e de solidariedade incr\u00edveis), onde se pode sentir a verdadeira unidade e amor entre os irm\u00e3os.<\/p>\n<p>A cada ato da jornada era surpreendido pelo nosso querido Papa Francisco, que quebrou todos os protocolos e fez quest\u00e3o de estar no meio do povo, e demonstrar seu amor, seu carinho, seu respeito por todos que ali estavam. Pude perceber um Papa amigo que se fez pr\u00f3ximo de todos, em que os peregrinos puderam contar com ele, na certeza evang\u00e9lica que n\u00e3o existem dist\u00e2ncias para Jesus, Ele nos une por seu amor, e naqueles dias estava claro esta unidade da Igreja.<\/p>\n<p>Uma das constata\u00e7\u00f5es que ouvi durante e depois da JMJ Rio 2013 foi a gra\u00e7a de muitos jovens de conviver em seus alojamentos com jovens de todos os cantos do mundo, e isso proporcionou um interc\u00e2mbio cultural \u00fanico, momento especial dos jovens conviverem harmoniosamente e se mergulharem um pouco da cultura de cada lugar que ali estava, mostrando suas dan\u00e7as e costumes peculiares. Tamb\u00e9m a beleza das amizades que nasceram entre as fam\u00edlias hospedeiras e os jovens de outras nacionalidades que at\u00e9 hoje continuam com correspond\u00eancia e visitas m\u00fatuas.<\/p>\n<p>Havia peregrinos de todos os lugares, mas o mais impressionante era descobrir ali entre tantos leigos, padres, freiras, bispos, caminhando ao nosso lado, como peregrinos, vivendo toda experi\u00eancia das longas filas, das catequeses, dos atos centrais, e isso me deixava emocionado por perceber que a Igreja \u00e9 una, todos somos iguais, buscando a mesma Santidade.<\/p>\n<p>Nas catequeses e medita\u00e7\u00f5es que foram celebradas ao longo dos dias, muito se falou no amor de Cristo, em descobrir esse Primeiro Amor, e de levar esse amor a todos, que todos podemos ser Santos, que Jesus precisa de Santos como n\u00f3s, basta nos disponibilizarmos, nos abrirmos a Ele, depende do tamanho do passo que cada um estava e est\u00e1 disposto a dar. A Igreja est\u00e1 viva, porque somos a Igreja, e devemos ter a coragem de levar Cristo em todos os lugares e a todas as pessoas, se pode ouvir em uma de suas catequeses.<\/p>\n<p>E o Papa nos confirmava isso, \u00e9 preciso estar de cora\u00e7\u00e3o aberto para acolher a palavra de Deus, para que possa dar frutos, ele nos disse que Jesus continua contando com n\u00f3s jovens, para que sejamos mission\u00e1rios de Cristo, que \u00e9 preciso partilharmos essa alegria e essa experi\u00eancia de f\u00e9 que vivemos l\u00e1, a todos os lugares que formos, a nossas comunidades, nossas fam\u00edlias, nossos amigos, aqueles a quem mais precisam.<\/p>\n<p>O Papa nos disse e \u00e9 assim que resumo esta jornada que vivi \u201cIde, sem medo, para servir\u201d E de todo meu cora\u00e7\u00e3o eu respondo, \u201caqui estou Senhor, envia-me!\u201d. Agrade\u00e7o a Deus por ter me dado essa oportunidade \u00fanica de preparar e vivenciar tudo isso, pois \u00e9 a Jesus que sirvo, \u00e9 por Ele, para Ele e com Ele, que vou caminhar, que vou evangelizar, que vou confirmar os irm\u00e3os na f\u00e9 e na miseric\u00f3rdia.<\/p>\n<p>O que mais marcou e ficou na mem\u00f3ria de muitas pessoas, sem d\u00favida nenhuma foi\u00a0 a homilia da missa de despedida do Papa, a Missa de Envio, com mais de 3,7 milh\u00f5es de pessoas, crian\u00e7as, jovens, adultos, idosos, sacerdotes e jornalistas, dos mais diversos cantos, diante da paisagem aben\u00e7oada de mar, da montanha e do abra\u00e7o do Cristo Redentor, o Papa Francisco silenciou a multid\u00e3o, serenou cora\u00e7\u00f5es, fortaleceu e incentivou o destemor cr\u00edtico, t\u00e3o caracter\u00edstico da juventude, em nome da bandeira da doa\u00e7\u00e3o e evangeliza\u00e7\u00e3o abnegadas.<\/p>\n<p>Restou a certeza de que aquele s\u00e1bio e humilde pai, de cora\u00e7\u00e3o aberto para o discurso de cada um de seus filhos, conta com esses disc\u00edpulos do amor e jovens questionadores. Os jovens s\u00e3o elementos umbilicais de importantes transforma\u00e7\u00f5es, personagens de uma nova hist\u00f3ria, de positivas mudan\u00e7as, a come\u00e7ar na Igreja Cat\u00f3lica, que prossegue num caminho de evangeliza\u00e7\u00e3o, de envio para curar os cora\u00e7\u00f5es feridos nas \u201cperiferias existenciais\u201d neste \u201cgrande hospital de campanha\u201d.<\/p>\n<p>Em tempos de pluralismo, de crises nas institui\u00e7\u00f5es e nos valores, de viol\u00eancia e de falta de esperan\u00e7a, quando a ang\u00fastia insiste ainda mais em bater \u00e0 porta da alma humana, o Bispo de Roma, nosso amado Papa Francisco, a quem quero agradecer pela JMJRio 2013, que o seu vivo testemunho em terras cariocas foi um exemplo de que \u00e9 poss\u00edvel um elo, respeitoso e frut\u00edfero, de cora\u00e7\u00f5es imbu\u00eddos da mesma esperan\u00e7a, de que \u00e9 poss\u00edvel uma vida de fraternidade na multiforme cultura e \u201ccores\u201d de manifesta\u00e7\u00e3o religiosa em nossa M\u00e3e Igreja.<\/p>\n<p>Agrade\u00e7o a todos os organizadores, volunt\u00e1rios, par\u00f3quias (p\u00e1rocos e povo), respons\u00e1veis pelos diversos setores e todas as fam\u00edlias e entidades acolhedoras pelo belo testemunho que deram durante esse tempo. Foi um tempo de verdadeira paz mesmo com as tens\u00f5es que alguns grupos queriam suscitar. Dos jovens foi uma resposta de amor a todos e que comoveu a popula\u00e7\u00e3o pelo entusiasmo juvenil que a todos contagiou. Meus agradecimentos a todos os jovens que fizeram acontecer a JMJ Rio 2013.<\/p>\n<p>Deixando um legado de amor e coragem, Papa Francisco, encerrou aquela Jornada Mundial da Juventude, a JMJRio 2013, demonstrando compreender a exata tradu\u00e7\u00e3o da palavra \u201csaudade\u201d. Ave Francisco! Ave JMJ! Repito hoje, o t\u00edtulo do artigo publicado ap\u00f3s a JMJ: \u201cVimos Deus agir\u201d.<\/p>\n","protected":false},"excerpt":{"rendered":"<p>Comemoramos neste ano o quinto anivers\u00e1rio da primeira viagem apost\u00f3lica internacional do Papa Francisco. Foi para presidir a JMJ Rio 2013 que tantas mem\u00f3rias bonitas nos deixou. Neste ano iremos celebrar a JMJ Fest Rio no dia 28 de julho em nosso Catedral Metropolitana. Neste ano que teremos o S\u00ednodo dos Bispos sobre a o [&hellip;]<\/p>\n","protected":false},"author":5,"featured_media":32777,"comment_status":"open","ping_status":"closed","sticky":false,"template":"","format":"standard","meta":{"footnotes":""},"categories":[9],"tags":[],"class_list":["post-42498","post","type-post","status-publish","format-standard","has-post-thumbnail","hentry","category-artigos"],"_links":{"self":[{"href":"https:\/\/catolicanet.net\/wp-cnet\/wp-json\/wp\/v2\/posts\/42498","targetHints":{"allow":["GET"]}}],"collection":[{"href":"https:\/\/catolicanet.net\/wp-cnet\/wp-json\/wp\/v2\/posts"}],"about":[{"href":"https:\/\/catolicanet.net\/wp-cnet\/wp-json\/wp\/v2\/types\/post"}],"author":[{"embeddable":true,"href":"https:\/\/catolicanet.net\/wp-cnet\/wp-json\/wp\/v2\/users\/5"}],"replies":[{"embeddable":true,"href":"https:\/\/catolicanet.net\/wp-cnet\/wp-json\/wp\/v2\/comments?post=42498"}],"version-history":[{"count":1,"href":"https:\/\/catolicanet.net\/wp-cnet\/wp-json\/wp\/v2\/posts\/42498\/revisions"}],"predecessor-version":[{"id":42499,"href":"https:\/\/catolicanet.net\/wp-cnet\/wp-json\/wp\/v2\/posts\/42498\/revisions\/42499"}],"wp:featuredmedia":[{"embeddable":true,"href":"https:\/\/catolicanet.net\/wp-cnet\/wp-json\/wp\/v2\/media\/32777"}],"wp:attachment":[{"href":"https:\/\/catolicanet.net\/wp-cnet\/wp-json\/wp\/v2\/media?parent=42498"}],"wp:term":[{"taxonomy":"category","embeddable":true,"href":"https:\/\/catolicanet.net\/wp-cnet\/wp-json\/wp\/v2\/categories?post=42498"},{"taxonomy":"post_tag","embeddable":true,"href":"https:\/\/catolicanet.net\/wp-cnet\/wp-json\/wp\/v2\/tags?post=42498"}],"curies":[{"name":"wp","href":"https:\/\/api.w.org\/{rel}","templated":true}]}}