{"id":4246,"date":"2014-02-18T16:52:41","date_gmt":"2014-02-18T19:52:41","guid":{"rendered":"http:\/\/catolicanet.net\/wp-cnet\/curso-a-distancia-sobre-a-cf-2014-tem-novas-turmas\/"},"modified":"2017-04-04T16:44:14","modified_gmt":"2017-04-04T19:44:14","slug":"curso-a-distancia-sobre-a-cf-2014-tem-novas-turmas","status":"publish","type":"post","link":"https:\/\/catolicanet.net\/wp-cnet\/curso-a-distancia-sobre-a-cf-2014-tem-novas-turmas\/","title":{"rendered":"Curso \u00e0 dist\u00e2ncia sobre a CF 2014 tem novas turmas"},"content":{"rendered":"<p style=\"text-align: justify;\"><img decoding=\"async\" src=\"http:\/\/catolicanet.com.br\/images\/stories\/cfcursoead2.jpg\" border=\"0\" align=\"left\" \/>O Curso \u00e0 dist\u00e2ncia sobre a Campanha da Fraternidade 2014 est\u00e1 com inscri\u00e7\u00f5es abertas para novas turmas. Este ano, a campanha tem como tema \u201cFraternidade e Tr\u00e1fico Humano\u201d e lema \u201c\u00c9 para a liberdade que Cristo nos libertou\u201d (Gl 5, 1). O curso \u00e9 uma novidade e conta com a supervis\u00e3o da equipe executiva da CF da Confer\u00eancia Nacional dos Bispos do Brasil (CNBB).<\/p>\n<p>Os participantes ter\u00e3o acesso \u00e0s informa\u00e7\u00f5es das pr\u00e1ticas de tr\u00e1fico humano em suas v\u00e1rias formas, bem como reflex\u00e3o b\u00edblico-teol\u00f3gica, indica\u00e7\u00f5es sobre o enfrentamento e canais de den\u00fancia de situa\u00e7\u00f5es de tr\u00e1fico. De acordo com o secret\u00e1rio executivo da CF, padre Luiz Carlos Dias, o objetivo do curso \u00e9 \u201coferecer uma nova modalidade de capacita\u00e7\u00e3o sobre os conte\u00fados da Campanha da Fraternidade e, assim, contribuir com a forma\u00e7\u00e3o que ocorre nos regionais e em v\u00e1rias dioceses do Brasil\u201d.<\/p>\n<p>M\u00f3dulos<\/p>\n<p>O curso \u00e9 oferecido em quatro m\u00f3dulos, com total de 40 horas e dura\u00e7\u00e3o de 40 dias. Abordar\u00e1 especificamente o Texto Base da CF 2014, focado no m\u00e9todo: ver, julgar e agir. As unidades do curso s\u00e3o: 1-) O tr\u00e1fico humano no contexto da globaliza\u00e7\u00e3o, com foco na mobilidade e trabalho, e as formas de enfrentamento ao tr\u00e1fico humano, 2-) A ilumina\u00e7\u00e3o no Antigo e Novo Testamento, 3-) Propostas para o enfrentamento do tr\u00e1fico humano e canais de den\u00fancia e 4-) Hist\u00f3rico e sentido da Campanha da Fraternidade no Brasil.<\/p>\n<p>Durante o curso, os alunos entender\u00e3o as condi\u00e7\u00f5es de den\u00fancias e aprender\u00e3o como agir concretamente nos casos de tr\u00e1fico humano. \u201cA CNBB tem buscado meios para cumprir a miss\u00e3o de capacitar os agentes que atuam nas pastorais para que estejam cada vez mais preparados\u201d, destaca padre Luiz Dias.<\/p>\n<p>As inscri\u00e7\u00f5es para o curso podem ser feitas pelo site: <a href=\"http:\/\/www.solarconsultoria.com\/\">www.solarconsultoria.com<\/a><\/p>\n<p>Informa\u00e7\u00f5es: (61) 3364.2097<\/p>\n<p style=\"text-align: justify;\">\u00a0<\/p>\n<p style=\"text-align: justify;\"><strong>Fonte:<\/strong> CNBB<\/p>\n","protected":false},"excerpt":{"rendered":"<p>O Curso \u00e0 dist\u00e2ncia sobre a Campanha da Fraternidade 2014 est\u00e1 com inscri\u00e7\u00f5es abertas para novas turmas. Este ano, a campanha tem como tema \u201cFraternidade e Tr\u00e1fico Humano\u201d e lema \u201c\u00c9 para a liberdade que Cristo nos libertou\u201d (Gl 5, 1). O curso \u00e9 uma novidade e conta com a supervis\u00e3o da equipe executiva da [&hellip;]<\/p>\n","protected":false},"author":1,"featured_media":0,"comment_status":"closed","ping_status":"closed","sticky":false,"template":"","format":"standard","meta":{"footnotes":""},"categories":[7],"tags":[],"class_list":["post-4246","post","type-post","status-publish","format-standard","hentry","category-cnbb"],"_links":{"self":[{"href":"https:\/\/catolicanet.net\/wp-cnet\/wp-json\/wp\/v2\/posts\/4246","targetHints":{"allow":["GET"]}}],"collection":[{"href":"https:\/\/catolicanet.net\/wp-cnet\/wp-json\/wp\/v2\/posts"}],"about":[{"href":"https:\/\/catolicanet.net\/wp-cnet\/wp-json\/wp\/v2\/types\/post"}],"author":[{"embeddable":true,"href":"https:\/\/catolicanet.net\/wp-cnet\/wp-json\/wp\/v2\/users\/1"}],"replies":[{"embeddable":true,"href":"https:\/\/catolicanet.net\/wp-cnet\/wp-json\/wp\/v2\/comments?post=4246"}],"version-history":[{"count":1,"href":"https:\/\/catolicanet.net\/wp-cnet\/wp-json\/wp\/v2\/posts\/4246\/revisions"}],"predecessor-version":[{"id":9256,"href":"https:\/\/catolicanet.net\/wp-cnet\/wp-json\/wp\/v2\/posts\/4246\/revisions\/9256"}],"wp:attachment":[{"href":"https:\/\/catolicanet.net\/wp-cnet\/wp-json\/wp\/v2\/media?parent=4246"}],"wp:term":[{"taxonomy":"category","embeddable":true,"href":"https:\/\/catolicanet.net\/wp-cnet\/wp-json\/wp\/v2\/categories?post=4246"},{"taxonomy":"post_tag","embeddable":true,"href":"https:\/\/catolicanet.net\/wp-cnet\/wp-json\/wp\/v2\/tags?post=4246"}],"curies":[{"name":"wp","href":"https:\/\/api.w.org\/{rel}","templated":true}]}}