{"id":4245,"date":"2014-02-18T14:20:22","date_gmt":"2014-02-18T17:20:22","guid":{"rendered":"http:\/\/catolicanet.net\/wp-cnet\/audiencia-de-francisco-a-dilma-confirmada-para-sexta-feira-21\/"},"modified":"2017-04-04T16:44:46","modified_gmt":"2017-04-04T19:44:46","slug":"audiencia-de-francisco-a-dilma-confirmada-para-sexta-feira-21","status":"publish","type":"post","link":"https:\/\/catolicanet.net\/wp-cnet\/audiencia-de-francisco-a-dilma-confirmada-para-sexta-feira-21\/","title":{"rendered":"Audi\u00eancia de Francisco a Dilma confirmada para sexta-feira, 21"},"content":{"rendered":"<p style=\"text-align: justify;\"><img decoding=\"async\" src=\"http:\/\/catolicanet.com.br\/images\/stories\/dilmapresidente.jpg\" border=\"0\" align=\"left\" \/>O Vaticano confirmou segunda-feira, 17, que a Presidente Dilma Rousseff ser\u00e1 recebida pelo Papa Francisco na pr\u00f3xima sexta-feira, 21, em audi\u00eancia privada.<\/p>\n<p>De acordo com o Diretor da Sala de Imprensa da Santa S\u00e9, Padre Federico Lombardi, o encontro entre o Pont\u00edfice e Dilma est\u00e1 previsto para as 19h, (15h de Bras\u00edlia), ap\u00f3s a reuni\u00e3o do Papa com os cardeais para refletir sobre o tema da Fam\u00edlia.<\/p>\n<p>Roussef vir\u00e1 a Roma para assistir ao Consist\u00f3rio para a cria\u00e7\u00e3o de 19 cardeais, entre os quais o brasileiro Dom Orani Jo\u00e3o Tempesta, Arcebispo do Rio de Janeiro. Dilma j\u00e1 esteve com Francisco em outras ocasi\u00f5es. Ela compareceu \u00e0 sua cerim\u00f4nia de posse em 19 de mar\u00e7o do ano passado, tendo sido recebida privadamente no dia seguinte, e em julho, reuniu-se com o Papa durante a Jornada Mundial da Juventude (JMJ).<\/p>\n<p><strong>Fonte:<\/strong> R\u00e1dio Vaticano<\/p>\n","protected":false},"excerpt":{"rendered":"<p>O Vaticano confirmou segunda-feira, 17, que a Presidente Dilma Rousseff ser\u00e1 recebida pelo Papa Francisco na pr\u00f3xima sexta-feira, 21, em audi\u00eancia privada. De acordo com o Diretor da Sala de Imprensa da Santa S\u00e9, Padre Federico Lombardi, o encontro entre o Pont\u00edfice e Dilma est\u00e1 previsto para as 19h, (15h de Bras\u00edlia), ap\u00f3s a reuni\u00e3o [&hellip;]<\/p>\n","protected":false},"author":1,"featured_media":0,"comment_status":"closed","ping_status":"closed","sticky":false,"template":"","format":"standard","meta":{"footnotes":""},"categories":[3],"tags":[],"class_list":["post-4245","post","type-post","status-publish","format-standard","hentry","category-vaticano"],"_links":{"self":[{"href":"https:\/\/catolicanet.net\/wp-cnet\/wp-json\/wp\/v2\/posts\/4245","targetHints":{"allow":["GET"]}}],"collection":[{"href":"https:\/\/catolicanet.net\/wp-cnet\/wp-json\/wp\/v2\/posts"}],"about":[{"href":"https:\/\/catolicanet.net\/wp-cnet\/wp-json\/wp\/v2\/types\/post"}],"author":[{"embeddable":true,"href":"https:\/\/catolicanet.net\/wp-cnet\/wp-json\/wp\/v2\/users\/1"}],"replies":[{"embeddable":true,"href":"https:\/\/catolicanet.net\/wp-cnet\/wp-json\/wp\/v2\/comments?post=4245"}],"version-history":[{"count":1,"href":"https:\/\/catolicanet.net\/wp-cnet\/wp-json\/wp\/v2\/posts\/4245\/revisions"}],"predecessor-version":[{"id":9257,"href":"https:\/\/catolicanet.net\/wp-cnet\/wp-json\/wp\/v2\/posts\/4245\/revisions\/9257"}],"wp:attachment":[{"href":"https:\/\/catolicanet.net\/wp-cnet\/wp-json\/wp\/v2\/media?parent=4245"}],"wp:term":[{"taxonomy":"category","embeddable":true,"href":"https:\/\/catolicanet.net\/wp-cnet\/wp-json\/wp\/v2\/categories?post=4245"},{"taxonomy":"post_tag","embeddable":true,"href":"https:\/\/catolicanet.net\/wp-cnet\/wp-json\/wp\/v2\/tags?post=4245"}],"curies":[{"name":"wp","href":"https:\/\/api.w.org\/{rel}","templated":true}]}}