{"id":42449,"date":"2018-07-24T15:51:33","date_gmt":"2018-07-24T18:51:33","guid":{"rendered":"http:\/\/catolicanet.net\/wp-cnet\/?p=42449"},"modified":"2018-07-24T15:51:33","modified_gmt":"2018-07-24T18:51:33","slug":"pesar-do-papa-pelas-vitimas-de-inundacao-no-laos","status":"publish","type":"post","link":"https:\/\/catolicanet.net\/wp-cnet\/pesar-do-papa-pelas-vitimas-de-inundacao-no-laos\/","title":{"rendered":"Pesar do Papa pelas v\u00edtimas de inunda\u00e7\u00e3o no Laos"},"content":{"rendered":"<div class=\"article__subTitle\">Centenas de pessoas est\u00e3o desaparecidas e muitas vidas foram perdidas com o rompimento na manh\u00e3 desta ter\u00e7a-feira da represa Xepian-Xe Nam Noy, localizada 550 km da capital Vientiane.<\/div>\n<div class=\"title__separator\"><\/div>\n<div class=\"article__text\">\n<p><b>Cidade do Vaticano<\/b><\/p>\n<p>O Papa Francisco recebeu com pesar a not\u00edcia da perda de vidas humanas e dos danos causados pelas graves inunda\u00e7\u00f5es ap\u00f3s a ruptura de uma represa no sudeste do Laos na manh\u00e3 desta ter\u00e7a-feira.<\/p>\n<p>No telegrama assinado pelo cardeal Secret\u00e1rio de Estado Pietro Parolin e enviado \u00e0s autoridades civis e eclesi\u00e1sticas locais, o Santo Padre assegura sua ora\u00e7\u00e3o \u201cespecialmente pelo repouso dos falecidos, pela cura dos feridos e pelo consolo de todos aqueles que choram a perda de seus entes queridos e que temem pela vida daqueles que ainda est\u00e3o desaparecidos\u201d.<\/p>\n<p>O Pont\u00edfice tamb\u00e9m encoraja as autoridades civis e a todos os envolvidos nos trabalhos de busca e salvamento das v\u00edtimas dessa trag\u00e9dia. A todos envia sua b\u00ean\u00e7\u00e3o.<\/p>\n<p>O rompimento da represa Xepian-Xe Nam Noy, localizada 550 km da capital Vientiane, liberou 5 bilh\u00f5es de metros c\u00fabicos de \u00e1gua, inundando seis povoados e deixando mais de 6 mil pessoas desabrigadas. Muitos tiveram que buscar ref\u00fagio no telhado das casas.<\/p>\n<p>Centenas de pessoas est\u00e3o desaparecidas e muitas vidas foram perdidas, informa a ag\u00eancia de not\u00edcias estatal.<\/p>\n<p>Segundo a BBC, as obras come\u00e7aram em 2013 e a hidrel\u00e9trica deveria come\u00e7ar a gerar energia ainda este ano.<\/p>\n<\/div>\n<p>&nbsp;<\/p>\n<p>Fonte: R\u00e1dio Vaticano<\/p>\n","protected":false},"excerpt":{"rendered":"<p>Centenas de pessoas est\u00e3o desaparecidas e muitas vidas foram perdidas com o rompimento na manh\u00e3 desta ter\u00e7a-feira da represa Xepian-Xe Nam Noy, localizada 550 km da capital Vientiane. Cidade do Vaticano O Papa Francisco recebeu com pesar a not\u00edcia da perda de vidas humanas e dos danos causados pelas graves inunda\u00e7\u00f5es ap\u00f3s a ruptura de [&hellip;]<\/p>\n","protected":false},"author":1,"featured_media":42450,"comment_status":"open","ping_status":"closed","sticky":false,"template":"","format":"standard","meta":{"footnotes":""},"categories":[3],"tags":[],"class_list":["post-42449","post","type-post","status-publish","format-standard","has-post-thumbnail","hentry","category-vaticano"],"_links":{"self":[{"href":"https:\/\/catolicanet.net\/wp-cnet\/wp-json\/wp\/v2\/posts\/42449","targetHints":{"allow":["GET"]}}],"collection":[{"href":"https:\/\/catolicanet.net\/wp-cnet\/wp-json\/wp\/v2\/posts"}],"about":[{"href":"https:\/\/catolicanet.net\/wp-cnet\/wp-json\/wp\/v2\/types\/post"}],"author":[{"embeddable":true,"href":"https:\/\/catolicanet.net\/wp-cnet\/wp-json\/wp\/v2\/users\/1"}],"replies":[{"embeddable":true,"href":"https:\/\/catolicanet.net\/wp-cnet\/wp-json\/wp\/v2\/comments?post=42449"}],"version-history":[{"count":1,"href":"https:\/\/catolicanet.net\/wp-cnet\/wp-json\/wp\/v2\/posts\/42449\/revisions"}],"predecessor-version":[{"id":42451,"href":"https:\/\/catolicanet.net\/wp-cnet\/wp-json\/wp\/v2\/posts\/42449\/revisions\/42451"}],"wp:featuredmedia":[{"embeddable":true,"href":"https:\/\/catolicanet.net\/wp-cnet\/wp-json\/wp\/v2\/media\/42450"}],"wp:attachment":[{"href":"https:\/\/catolicanet.net\/wp-cnet\/wp-json\/wp\/v2\/media?parent=42449"}],"wp:term":[{"taxonomy":"category","embeddable":true,"href":"https:\/\/catolicanet.net\/wp-cnet\/wp-json\/wp\/v2\/categories?post=42449"},{"taxonomy":"post_tag","embeddable":true,"href":"https:\/\/catolicanet.net\/wp-cnet\/wp-json\/wp\/v2\/tags?post=42449"}],"curies":[{"name":"wp","href":"https:\/\/api.w.org\/{rel}","templated":true}]}}